{"id":4449,"date":"2023-07-29T07:06:16","date_gmt":"2023-07-29T07:06:16","guid":{"rendered":"http:\/\/www.prwestglobal.com\/?p=4449"},"modified":"2023-07-29T07:06:16","modified_gmt":"2023-07-29T07:06:16","slug":"cw-enerji-idefte-savunma-sanayine-yonelik-gelistirdigi-urunlerini-sergiledi","status":"publish","type":"post","link":"http:\/\/www.prwestglobal.com\/index.php\/2023\/07\/29\/cw-enerji-idefte-savunma-sanayine-yonelik-gelistirdigi-urunlerini-sergiledi\/","title":{"rendered":"CW Enerji IDEF\u2019te savunma sanayine y\u00f6nelik geli\u015ftirdi\u011fi \u00fcr\u00fcnlerini sergiledi"},"content":{"rendered":"<ul>\n<li><strong>G\u00fcne\u015f enerjisi sekt\u00f6r\u00fcnde elde etti\u011fi ba\u015far\u0131l\u0131 \u00e7al\u0131\u015fmalar\u0131 savunma sanayisine de ta\u015f\u0131yan CW Enerji, d\u00fcnyan\u0131n en b\u00fcy\u00fck savunma sanayisi bulu\u015fmalar\u0131ndan biri olan 16\u2019nc\u0131 Uluslararas\u0131 Savunma Sanayii Fuar\u0131\u2019nda (IDEF\u201923) geli\u015ftirdi\u011fi \u00fcr\u00fcnlerini sergiledi.<\/strong><\/li>\n<\/ul>\n<p><strong>Antalya,<\/strong> 29.07.2023 \u2013 G\u00fcne\u015f enerji sistemleri \u00fcreten teknoloji firmas\u0131 olan CW Enerji, savunma sanayisine y\u00f6nelik geli\u015ftirdi\u011fi \u00fcr\u00fcnleri d\u00fcnyan\u0131n en prestijli savunma sanayi fuarlar\u0131 aras\u0131nda yer alan 16\u2019nc\u0131 Uluslararas\u0131 Savunma Sanayii Fuar\u0131\u2019nda (IDEF\u201923) ziyaret\u00e7ilerle bulu\u015fturdu.<\/p>\n<p>25-28 Temmuz 2023 tarihleri aras\u0131nda T\u00fcyap Fuar ve Kongre Merkezi&#8217;nde ger\u00e7ekle\u015ftirilen fuar hakk\u0131nda a\u00e7\u0131klamalarda bulunan CW Enerji Y\u00f6netim Kurulu Ba\u015fkan\u0131 Tar\u0131k Sarvan, yerli ve milli savunmaya destek olma amac\u0131yla fuarda yerlerini ald\u0131klar\u0131n\u0131 s\u00f6yledi. Sarvan, savunma sanayinin ihtiyac\u0131 olan enerjiye k\u00f6kl\u00fc \u00e7\u00f6z\u00fcmler sunmay\u0131 hedeflediklerini belirterek, \u201cAR-GE \u00e7al\u0131\u015fmalar\u0131m\u0131z sonucu geli\u015ftirdi\u011fimiz savunma sanayisine y\u00f6nelik \u00fcr\u00fcnlerimizi \u2018CW Defence\u2019 olarak tek \u00e7at\u0131 alt\u0131nda toplad\u0131k. CW Defence olarak, savunma sanayi sekt\u00f6r\u00fcne \u00f6zel s\u00fcrd\u00fcr\u00fclebilir \u00fcr\u00fcn ve hizmetlerimiz ile \u00f6n plana \u00e7\u0131kmay\u0131 hedefliyoruz. Kara, hava kuvvetleri ve donanmalar i\u00e7in yenilenebilir ve temiz enerji kaynaklar\u0131ndan biri olan g\u00fcne\u015f enerjisi ile savunma sistemlerini geli\u015ftirme ve \u00fcretme konusunda k\u00fcresel teknoloji olabilme hedefi ile yola \u00e7\u0131kt\u0131k\u201d dedi.<\/p>\n<p><strong>Yeni teknolojileri b\u00fcnyemize katmaya devam edece\u011fiz<\/strong><\/p>\n<p>Fuarda mobil askeri enerji \u00fcretim sistemlerinden mobil enerji depolama sistemlerine, g\u00fcvenlik sistemlerinden sert arazi ko\u015fullar\u0131na dayan\u0131kl\u0131 g\u00fcne\u015f panellerine kadar geli\u015ftirdikleri bir\u00e7ok \u00fcr\u00fcn\u00fc sergilediklerini ifade eden Sarvan, ziyaret\u00e7ilerin yo\u011fun ilgisi ile kar\u015f\u0131la\u015ft\u0131klar\u0131n\u0131 kaydetti. Sarvan, yenilik\u00e7i ve fark yaratan \u00e7al\u0131\u015fmalar\u0131n\u0131 kat\u0131l\u0131mc\u0131larla bir araya getirdikleri i\u00e7in mutlu olduklar\u0131n\u0131 dile getirerek, \u201cFuarda hem geli\u015ftirdi\u011fimiz \u00fcr\u00fcnleri hem de yapabilece\u011fimiz projeleri ulusal ve uluslararas\u0131 kat\u0131l\u0131mc\u0131lara anlatt\u0131k. IDEF, savunma sanayisine y\u00f6nelik kat\u0131ld\u0131\u011f\u0131m\u0131z ilk fuar. Bu nedenle bizim i\u00e7in olduk\u00e7a \u00f6nemli. Bundan sonra savunma sanayinin geli\u015fimine katk\u0131 sa\u011flayacak her t\u00fcrl\u00fc organizasyonda yer almaya \u00f6zen g\u00f6sterece\u011fiz\u201d diye konu\u015ftu.<\/p>\n<p><strong>Savunma sanayisine katk\u0131da bulunmaya devam edece\u011fiz<\/strong><\/p>\n<p>Deneyimli m\u00fchendis kadrolar\u0131 ile ihtiyaca uygun \u00e7\u00f6z\u00fcmler sunduklar\u0131n\u0131 belirten Sarvan, \u015f\u00f6yle devam etti: \u201cCW Defence olarak, g\u00fcne\u015f enerjisi sistemleri ve depolama \u00e7\u00f6z\u00fcmleri sunman\u0131n yan\u0131 s\u0131ra talebe \u00f6zel \u00fcr\u00fcn, hizmet ve proje geli\u015ftiriyoruz. Yerli ve milli savunma sanayisine enerji sekt\u00f6r\u00fcndeki elde etti\u011fimiz bilgi ve tecr\u00fcbeler ile katk\u0131da bulunmaya devam edece\u011fiz.&#8221;<\/p>\n\n\t\t<style type=\"text\/css\">\n\t\t\t#gallery-1 {\n\t\t\t\tmargin: auto;\n\t\t\t}\n\t\t\t#gallery-1 .gallery-item {\n\t\t\t\tfloat: left;\n\t\t\t\tmargin-top: 10px;\n\t\t\t\ttext-align: center;\n\t\t\t\twidth: 33%;\n\t\t\t}\n\t\t\t#gallery-1 img {\n\t\t\t\tborder: 2px solid #cfcfcf;\n\t\t\t}\n\t\t\t#gallery-1 .gallery-caption {\n\t\t\t\tmargin-left: 0;\n\t\t\t}\n\t\t\t\/* see gallery_shortcode() in wp-includes\/media.php *\/\n\t\t<\/style>\n\t\t<div id='gallery-1' class='gallery galleryid-4449 gallery-columns-3 gallery-size-thumbnail'><dl class='gallery-item'>\n\t\t\t<dt class='gallery-icon portrait'>\n\t\t\t\t<a href='http:\/\/www.prwestglobal.com\/index.php\/2023\/07\/29\/cw-enerji-idefte-savunma-sanayine-yonelik-gelistirdigi-urunlerini-sergiledi\/1-68\/'><img loading=\"lazy\" decoding=\"async\" width=\"150\" height=\"150\" src=\"http:\/\/www.prwestglobal.com\/wp-content\/uploads\/2023\/07\/1-3-150x150.jpg\" class=\"attachment-thumbnail size-thumbnail\"  alt=\"CW Enerji IDEF\u2019te savunma sanayine y\u00f6nelik geli\u015ftirdi\u011fi \u00fcr\u00fcnlerini sergiledi\"  srcset=\"http:\/\/www.prwestglobal.com\/wp-content\/uploads\/2023\/07\/1-3-150x150.jpg 150w, http:\/\/www.prwestglobal.com\/wp-content\/uploads\/2023\/07\/1-3-140x140.jpg 140w, http:\/\/www.prwestglobal.com\/wp-content\/uploads\/2023\/07\/1-3-100x100.jpg 100w, http:\/\/www.prwestglobal.com\/wp-content\/uploads\/2023\/07\/1-3-500x500.jpg 500w, http:\/\/www.prwestglobal.com\/wp-content\/uploads\/2023\/07\/1-3-350x350.jpg 350w, http:\/\/www.prwestglobal.com\/wp-content\/uploads\/2023\/07\/1-3-1000x1000.jpg 1000w, http:\/\/www.prwestglobal.com\/wp-content\/uploads\/2023\/07\/1-3-800x800.jpg 800w\" sizes=\"auto, (max-width: 150px) 100vw, 150px\" \/><\/a>\n\t\t\t<\/dt><\/dl><dl class='gallery-item'>\n\t\t\t<dt class='gallery-icon landscape'>\n\t\t\t\t<a href='http:\/\/www.prwestglobal.com\/index.php\/2023\/07\/29\/cw-enerji-idefte-savunma-sanayine-yonelik-gelistirdigi-urunlerini-sergiledi\/3-22\/'><img loading=\"lazy\" decoding=\"async\" width=\"150\" height=\"150\" src=\"http:\/\/www.prwestglobal.com\/wp-content\/uploads\/2023\/07\/3-150x150.jpg\" class=\"attachment-thumbnail size-thumbnail\"  alt=\"CW Enerji IDEF\u2019te savunma sanayine y\u00f6nelik geli\u015ftirdi\u011fi \u00fcr\u00fcnlerini sergiledi\"  srcset=\"http:\/\/www.prwestglobal.com\/wp-content\/uploads\/2023\/07\/3-150x150.jpg 150w, http:\/\/www.prwestglobal.com\/wp-content\/uploads\/2023\/07\/3-140x140.jpg 140w, http:\/\/www.prwestglobal.com\/wp-content\/uploads\/2023\/07\/3-100x100.jpg 100w, http:\/\/www.prwestglobal.com\/wp-content\/uploads\/2023\/07\/3-500x500.jpg 500w, http:\/\/www.prwestglobal.com\/wp-content\/uploads\/2023\/07\/3-350x350.jpg 350w, http:\/\/www.prwestglobal.com\/wp-content\/uploads\/2023\/07\/3-1000x1000.jpg 1000w, http:\/\/www.prwestglobal.com\/wp-content\/uploads\/2023\/07\/3-800x800.jpg 800w\" sizes=\"auto, (max-width: 150px) 100vw, 150px\" \/><\/a>\n\t\t\t<\/dt><\/dl><dl class='gallery-item'>\n\t\t\t<dt class='gallery-icon portrait'>\n\t\t\t\t<a href='http:\/\/www.prwestglobal.com\/index.php\/2023\/07\/29\/cw-enerji-idefte-savunma-sanayine-yonelik-gelistirdigi-urunlerini-sergiledi\/tarik-sarvan-6\/'><img loading=\"lazy\" decoding=\"async\" width=\"150\" height=\"150\" src=\"http:\/\/www.prwestglobal.com\/wp-content\/uploads\/2023\/07\/Tarik-Sarvan-1-150x150.jpg\" class=\"attachment-thumbnail size-thumbnail\"  alt=\"CW Enerji IDEF\u2019te savunma sanayine y\u00f6nelik geli\u015ftirdi\u011fi \u00fcr\u00fcnlerini sergiledi\"  srcset=\"http:\/\/www.prwestglobal.com\/wp-content\/uploads\/2023\/07\/Tarik-Sarvan-1-150x150.jpg 150w, http:\/\/www.prwestglobal.com\/wp-content\/uploads\/2023\/07\/Tarik-Sarvan-1-140x140.jpg 140w, http:\/\/www.prwestglobal.com\/wp-content\/uploads\/2023\/07\/Tarik-Sarvan-1-100x100.jpg 100w, http:\/\/www.prwestglobal.com\/wp-content\/uploads\/2023\/07\/Tarik-Sarvan-1-500x500.jpg 500w, http:\/\/www.prwestglobal.com\/wp-content\/uploads\/2023\/07\/Tarik-Sarvan-1-350x350.jpg 350w, http:\/\/www.prwestglobal.com\/wp-content\/uploads\/2023\/07\/Tarik-Sarvan-1-1000x1000.jpg 1000w, http:\/\/www.prwestglobal.com\/wp-content\/uploads\/2023\/07\/Tarik-Sarvan-1-800x800.jpg 800w\" sizes=\"auto, (max-width: 150px) 100vw, 150px\" \/><\/a>\n\t\t\t<\/dt><\/dl><br style=\"clear: both\" \/>\n\t\t<\/div>\n\n<p>&nbsp;<\/p>\n","protected":false},"excerpt":{"rendered":"<p>G\u00fcne\u015f enerjisi sekt\u00f6r\u00fcnde elde etti\u011fi ba\u015far\u0131l\u0131 \u00e7al\u0131\u015fmalar\u0131 savunma sanayisine de ta\u015f\u0131yan CW Enerji, d\u00fcnyan\u0131n en b\u00fcy\u00fck savunma sanayisi bulu\u015fmalar\u0131ndan biri olan 16\u2019nc\u0131 Uluslararas\u0131 Savunma Sanayii Fuar\u0131\u2019nda (IDEF\u201923) geli\u015ftirdi\u011fi \u00fcr\u00fcnlerini sergiledi&#8230;.<\/p>\n","protected":false},"author":1,"featured_media":4451,"comment_status":"closed","ping_status":"closed","sticky":false,"template":"","format":"standard","meta":{"footnotes":""},"categories":[8],"tags":[],"class_list":{"0":"post-4449","1":"post","2":"type-post","3":"status-publish","4":"format-standard","5":"has-post-thumbnail","7":"category-basin"},"jetpack_featured_media_url":"http:\/\/www.prwestglobal.com\/wp-content\/uploads\/2023\/07\/3.jpg","_links":{"self":[{"href":"http:\/\/www.prwestglobal.com\/index.php\/wp-json\/wp\/v2\/posts\/4449","targetHints":{"allow":["GET"]}}],"collection":[{"href":"http:\/\/www.prwestglobal.com\/index.php\/wp-json\/wp\/v2\/posts"}],"about":[{"href":"http:\/\/www.prwestglobal.com\/index.php\/wp-json\/wp\/v2\/types\/post"}],"author":[{"embeddable":true,"href":"http:\/\/www.prwestglobal.com\/index.php\/wp-json\/wp\/v2\/users\/1"}],"replies":[{"embeddable":true,"href":"http:\/\/www.prwestglobal.com\/index.php\/wp-json\/wp\/v2\/comments?post=4449"}],"version-history":[{"count":1,"href":"http:\/\/www.prwestglobal.com\/index.php\/wp-json\/wp\/v2\/posts\/4449\/revisions"}],"predecessor-version":[{"id":4453,"href":"http:\/\/www.prwestglobal.com\/index.php\/wp-json\/wp\/v2\/posts\/4449\/revisions\/4453"}],"wp:featuredmedia":[{"embeddable":true,"href":"http:\/\/www.prwestglobal.com\/index.php\/wp-json\/wp\/v2\/media\/4451"}],"wp:attachment":[{"href":"http:\/\/www.prwestglobal.com\/index.php\/wp-json\/wp\/v2\/media?parent=4449"}],"wp:term":[{"taxonomy":"category","embeddable":true,"href":"http:\/\/www.prwestglobal.com\/index.php\/wp-json\/wp\/v2\/categories?post=4449"},{"taxonomy":"post_tag","embeddable":true,"href":"http:\/\/www.prwestglobal.com\/index.php\/wp-json\/wp\/v2\/tags?post=4449"}],"curies":[{"name":"wp","href":"https:\/\/api.w.org\/{rel}","templated":true}]}}