{"id":4513,"date":"2023-09-05T13:17:32","date_gmt":"2023-09-05T13:17:32","guid":{"rendered":"http:\/\/www.prwestglobal.com\/?p=4513"},"modified":"2023-09-05T13:17:32","modified_gmt":"2023-09-05T13:17:32","slug":"hitachi-astemo-turkiye-fabrikasinda-onemli-atama","status":"publish","type":"post","link":"http:\/\/www.prwestglobal.com\/index.php\/2023\/09\/05\/hitachi-astemo-turkiye-fabrikasinda-onemli-atama\/","title":{"rendered":"Hitachi Astemo T\u00fcrkiye fabrikas\u0131nda \u00f6nemli atama"},"content":{"rendered":"<ul>\n<li><strong>Hitachi Astemo\u2019nun T\u00fcrkiye fabrikas\u0131nda \u00f6nemli bir atama ger\u00e7ekle\u015ftirildi. Firmada Operasyon M\u00fcd\u00fcr\u00fc olarak g\u00f6rev yapan Altu\u011f Aydo\u011fan\u2019\u0131n, \u015firketin genel merkezine transfer olmas\u0131n\u0131n ard\u0131ndan, kendisinin yerine sekt\u00f6rde uzun y\u0131llard\u0131r \u00f6nemli ba\u015far\u0131lara imza atm\u0131\u015f olan ve son olarak Orhan Holding b\u00fcnyesinde Fabrika M\u00fcd\u00fcr\u00fc olarak g\u00f6rev yapan \u00dcmit Karaku\u015f atand\u0131. Karaku\u015f, A\u011fustos 2023 itibar\u0131yla resmen g\u00f6revine ba\u015flad\u0131.<\/strong><\/li>\n<\/ul>\n<p><strong>Bursa, <\/strong>05.09.2023 \u2013 27 \u00fclkede yakla\u015f\u0131k 140 tesiste 90.000 ki\u015fiyi istihdam eden global bir otomotiv teknoloji \u015firketi olan Hitachi Astemo\u2019nun T\u00fcrkiye Fabrikas\u0131nda \u00f6nemli bir atama ger\u00e7ekle\u015ftirildi.<\/p>\n<p>Sekt\u00f6r\u00fcn d\u00fcnyadaki en b\u00fcy\u00fck akt\u00f6rlerinden biri olan firman\u0131n T\u00fcrkiye \/ Bursa fabrikas\u0131nda Operasyon M\u00fcd\u00fcr\u00fc olarak g\u00f6rev yapan Altu\u011f Aydo\u011fan\u2019\u0131n, \u015firketin genel merkezine transfer olmas\u0131n\u0131n ard\u0131ndan, kendisinin yerine sekt\u00f6rde uzun y\u0131llard\u0131r \u00f6nemli ba\u015far\u0131lara imza atm\u0131\u015f olan ve son olarak Orhan Holding b\u00fcnyesinde Fabrika M\u00fcd\u00fcr\u00fc olarak g\u00f6rev yapan \u00dcmit Karaku\u015f atand\u0131.<\/p>\n<p>A\u011fustos 2023 itibar\u0131yla resmen g\u00f6revine ba\u015flayan Karaku\u015f, firmada \u00fcretim, bak\u0131m ve s\u00fcrekli iyile\u015ftirme departmanlar\u0131na liderlik etmek, bu fonksiyonlar aras\u0131nda sinerji ve i\u015f birli\u011fi geli\u015ftirmek, operasyonel KPI&#8217;lar\u0131 takip etmek ve \u015firketin s\u00fcrekli iyile\u015ftirme hedeflerine \u00f6nc\u00fcl\u00fck etmek konular\u0131nda sorumluluk \u00fcstlenecek.<\/p>\n<p><strong>\u00dcmit Karaku\u015f kimdir?<\/strong><\/p>\n<p>16.03.1978 Bursa do\u011fumlu olan \u00dcmit Karaku\u015f, Y\u0131ld\u0131r\u0131m Beyaz\u0131t Lisesinden mezun olduktan sonra Gazi \u00dcniversitesi Makina M\u00fchendisli\u011fi b\u00f6l\u00fcm\u00fcn\u00fc bitirmi\u015f, ard\u0131ndan da Bilgi \u00dcniversitesinde MBA e\u011fitimini tamamlam\u0131\u015ft\u0131r.<\/p>\n<p>Profesyonel kariyerine Bemsa A.\u015e de Kalite M\u00fchendisi olarak ba\u015flayan Karaku\u015f, daha sonras\u0131nda s\u0131ras\u0131yla; Odelo Otomotiv&#8217;de Proje M\u00fchendisi, Ficosa International\u2019da Proses M\u00fchendisi &#8211; Proses Master ve Proses M\u00fchendisli\u011fi M\u00fcd\u00fcr\u00fc olarak g\u00f6rev yapm\u0131\u015ft\u0131r.<\/p>\n<p>2015 y\u0131l\u0131nda Rollmech Automotive\u2019de Teknik Destek M\u00fcd\u00fcr\u00fc olarak g\u00f6rev yapan \u00dcmit Karaku\u015f, daha sonras\u0131nda Do\u011fu\u015f Otomotiv&#8217;de VW \u00d6zel Ara\u00e7 Y\u00f6neticisi olarak \u00e7al\u0131\u015fma hayat\u0131n\u0131 s\u00fcrd\u00fcrm\u00fc\u015ft\u00fcr.<\/p>\n<p>Ard\u0131ndan Orhan Holding&#8217;de kariyerine devam eden Karaku\u015f, burada s\u0131ras\u0131yla M\u00fchendislik M\u00fcd\u00fcr\u00fc, Proses M\u00fchendislik M\u00fcd\u00fcr\u00fc ve Proses &amp; \u00dcretim Direkt\u00f6r\u00fc olarak g\u00f6rev alm\u0131\u015f ve son olarak Orhan Holding b\u00fcnyesinde Fabrika M\u00fcd\u00fcr\u00fc olarak \u00e7al\u0131\u015fm\u0131\u015ft\u0131r.<\/p>\n<p>###<\/p>\n\n\t\t<style type=\"text\/css\">\n\t\t\t#gallery-1 {\n\t\t\t\tmargin: auto;\n\t\t\t}\n\t\t\t#gallery-1 .gallery-item {\n\t\t\t\tfloat: left;\n\t\t\t\tmargin-top: 10px;\n\t\t\t\ttext-align: center;\n\t\t\t\twidth: 33%;\n\t\t\t}\n\t\t\t#gallery-1 img {\n\t\t\t\tborder: 2px solid #cfcfcf;\n\t\t\t}\n\t\t\t#gallery-1 .gallery-caption {\n\t\t\t\tmargin-left: 0;\n\t\t\t}\n\t\t\t\/* see gallery_shortcode() in wp-includes\/media.php *\/\n\t\t<\/style>\n\t\t<div id='gallery-1' class='gallery galleryid-4513 gallery-columns-3 gallery-size-thumbnail'><dl class='gallery-item'>\n\t\t\t<dt class='gallery-icon portrait'>\n\t\t\t\t<a href='http:\/\/www.prwestglobal.com\/wp-content\/uploads\/2023\/09\/U\u0308mit-Karakus\u0327-3-scaled.jpg'><img loading=\"lazy\" decoding=\"async\" width=\"150\" height=\"150\" src=\"http:\/\/www.prwestglobal.com\/wp-content\/uploads\/2023\/09\/U\u0308mit-Karakus\u0327-3-150x150.jpg\" class=\"attachment-thumbnail size-thumbnail\"  alt=\"Hitachi Astemo T\u00fcrkiye fabrikas\u0131nda \u00f6nemli atama\"  srcset=\"http:\/\/www.prwestglobal.com\/wp-content\/uploads\/2023\/09\/U\u0308mit-Karakus\u0327-3-150x150.jpg 150w, http:\/\/www.prwestglobal.com\/wp-content\/uploads\/2023\/09\/U\u0308mit-Karakus\u0327-3-140x140.jpg 140w, http:\/\/www.prwestglobal.com\/wp-content\/uploads\/2023\/09\/U\u0308mit-Karakus\u0327-3-100x100.jpg 100w, http:\/\/www.prwestglobal.com\/wp-content\/uploads\/2023\/09\/U\u0308mit-Karakus\u0327-3-500x500.jpg 500w, http:\/\/www.prwestglobal.com\/wp-content\/uploads\/2023\/09\/U\u0308mit-Karakus\u0327-3-350x350.jpg 350w, http:\/\/www.prwestglobal.com\/wp-content\/uploads\/2023\/09\/U\u0308mit-Karakus\u0327-3-1000x1000.jpg 1000w, http:\/\/www.prwestglobal.com\/wp-content\/uploads\/2023\/09\/U\u0308mit-Karakus\u0327-3-800x800.jpg 800w\" sizes=\"auto, (max-width: 150px) 100vw, 150px\" \/><\/a>\n\t\t\t<\/dt><\/dl><dl class='gallery-item'>\n\t\t\t<dt class='gallery-icon landscape'>\n\t\t\t\t<a href='http:\/\/www.prwestglobal.com\/wp-content\/uploads\/2023\/09\/Fabrika-gorsel-scaled.jpg'><img loading=\"lazy\" decoding=\"async\" width=\"150\" height=\"150\" src=\"http:\/\/www.prwestglobal.com\/wp-content\/uploads\/2023\/09\/Fabrika-gorsel-150x150.jpg\" class=\"attachment-thumbnail size-thumbnail\"  alt=\"Hitachi Astemo T\u00fcrkiye fabrikas\u0131nda \u00f6nemli atama\"  srcset=\"http:\/\/www.prwestglobal.com\/wp-content\/uploads\/2023\/09\/Fabrika-gorsel-150x150.jpg 150w, http:\/\/www.prwestglobal.com\/wp-content\/uploads\/2023\/09\/Fabrika-gorsel-140x140.jpg 140w, http:\/\/www.prwestglobal.com\/wp-content\/uploads\/2023\/09\/Fabrika-gorsel-100x100.jpg 100w, http:\/\/www.prwestglobal.com\/wp-content\/uploads\/2023\/09\/Fabrika-gorsel-500x500.jpg 500w, http:\/\/www.prwestglobal.com\/wp-content\/uploads\/2023\/09\/Fabrika-gorsel-350x350.jpg 350w, http:\/\/www.prwestglobal.com\/wp-content\/uploads\/2023\/09\/Fabrika-gorsel-1000x1000.jpg 1000w, http:\/\/www.prwestglobal.com\/wp-content\/uploads\/2023\/09\/Fabrika-gorsel-800x800.jpg 800w\" sizes=\"auto, (max-width: 150px) 100vw, 150px\" \/><\/a>\n\t\t\t<\/dt><\/dl>\n\t\t\t<br style='clear: both' \/>\n\t\t<\/div>\n\n","protected":false},"excerpt":{"rendered":"<p>Hitachi Astemo\u2019nun T\u00fcrkiye fabrikas\u0131nda \u00f6nemli bir atama ger\u00e7ekle\u015ftirildi. Firmada Operasyon M\u00fcd\u00fcr\u00fc olarak g\u00f6rev yapan Altu\u011f Aydo\u011fan\u2019\u0131n, \u015firketin genel merkezine transfer olmas\u0131n\u0131n ard\u0131ndan, kendisinin yerine sekt\u00f6rde uzun y\u0131llard\u0131r \u00f6nemli ba\u015far\u0131lara imza&#8230;<\/p>\n","protected":false},"author":1,"featured_media":4515,"comment_status":"closed","ping_status":"closed","sticky":false,"template":"","format":"standard","meta":{"footnotes":""},"categories":[8],"tags":[184,183,185,186],"class_list":{"0":"post-4513","1":"post","2":"type-post","3":"status-publish","4":"format-standard","5":"has-post-thumbnail","7":"category-basin","8":"tag-atama","9":"tag-hitachi-astemo","10":"tag-operasyon-muduru","11":"tag-umit-karakus"},"jetpack_featured_media_url":"http:\/\/www.prwestglobal.com\/wp-content\/uploads\/2023\/09\/Fabrika-gorsel-scaled.jpg","_links":{"self":[{"href":"http:\/\/www.prwestglobal.com\/index.php\/wp-json\/wp\/v2\/posts\/4513","targetHints":{"allow":["GET"]}}],"collection":[{"href":"http:\/\/www.prwestglobal.com\/index.php\/wp-json\/wp\/v2\/posts"}],"about":[{"href":"http:\/\/www.prwestglobal.com\/index.php\/wp-json\/wp\/v2\/types\/post"}],"author":[{"embeddable":true,"href":"http:\/\/www.prwestglobal.com\/index.php\/wp-json\/wp\/v2\/users\/1"}],"replies":[{"embeddable":true,"href":"http:\/\/www.prwestglobal.com\/index.php\/wp-json\/wp\/v2\/comments?post=4513"}],"version-history":[{"count":1,"href":"http:\/\/www.prwestglobal.com\/index.php\/wp-json\/wp\/v2\/posts\/4513\/revisions"}],"predecessor-version":[{"id":4516,"href":"http:\/\/www.prwestglobal.com\/index.php\/wp-json\/wp\/v2\/posts\/4513\/revisions\/4516"}],"wp:featuredmedia":[{"embeddable":true,"href":"http:\/\/www.prwestglobal.com\/index.php\/wp-json\/wp\/v2\/media\/4515"}],"wp:attachment":[{"href":"http:\/\/www.prwestglobal.com\/index.php\/wp-json\/wp\/v2\/media?parent=4513"}],"wp:term":[{"taxonomy":"category","embeddable":true,"href":"http:\/\/www.prwestglobal.com\/index.php\/wp-json\/wp\/v2\/categories?post=4513"},{"taxonomy":"post_tag","embeddable":true,"href":"http:\/\/www.prwestglobal.com\/index.php\/wp-json\/wp\/v2\/tags?post=4513"}],"curies":[{"name":"wp","href":"https:\/\/api.w.org\/{rel}","templated":true}]}}