{"id":4644,"date":"2023-12-06T07:37:53","date_gmt":"2023-12-06T07:37:53","guid":{"rendered":"http:\/\/www.prwestglobal.com\/?p=4644"},"modified":"2023-12-06T07:37:53","modified_gmt":"2023-12-06T07:37:53","slug":"cw-enerjinin-gunes-panelleri-56-mwp-gucundeki-projede-kullanildi","status":"publish","type":"post","link":"http:\/\/www.prwestglobal.com\/index.php\/2023\/12\/06\/cw-enerjinin-gunes-panelleri-56-mwp-gucundeki-projede-kullanildi\/","title":{"rendered":"CW Enerji&#8217;nin G\u00fcne\u015f Panelleri 56 Mwp G\u00fcc\u00fcndeki Projede Kullan\u0131ld\u0131"},"content":{"rendered":"<ul>\n<li><strong>CW Enerji\u2019nin \u00fcretti\u011fi g\u00fcne\u015f panelleri, Erzurum\u2019da toplamda 56 MWp g\u00fcc\u00fcndeki iki arazi GES\u2019te yerini ald\u0131. CW Enerji CEO\u2019su Volkan Y\u0131lmaz, CW Enerji olarak \u00fcretilen uzun \u00f6m\u00fcrl\u00fc ve y\u00fcksek verimli g\u00fcne\u015f panellerinin T\u00fcrkiye\u2019nin yedi b\u00f6lgesinde kullan\u0131ld\u0131\u011f\u0131n\u0131, y\u00fczlerce firman\u0131n g\u00fcne\u015f enerji santrali kurdu\u011funu belirtti.<\/strong><\/li>\n<\/ul>\n<p><strong>\u00a0<\/strong><strong>Antalya,<\/strong> 06.12.2023- CW Enerji CEO\u2019su Volkan Y\u0131lmaz, insano\u011flunun ya\u015fam\u0131n\u0131 her alanda daha s\u00fcrd\u00fcr\u00fclebilir k\u0131labilmek i\u00e7in \u00e7al\u0131\u015fmalar\u0131na devam ettiklerini s\u00f6yledi. Yeni teknolojiler sunan, t\u00fcm \u00fcr\u00fcn ve hizmetlerinde \u00f6nceli\u011fi m\u00fc\u015fteri odakl\u0131l\u0131k ile y\u00fcksek kalite olan bir firma olduklar\u0131n\u0131 belirten Y\u0131lmaz, \u201cS\u00fcrd\u00fcr\u00fclebilirlik odakl\u0131 i\u015f stratejimizle b\u00fcy\u00fcme yolculu\u011fumuza devam ediyoruz. Y\u00fcksek teknolojiye sahip \u00fcretimimiz ile kaliteli \u00fcr\u00fcnlerimizi m\u00fc\u015fterilerimizle bulu\u015fturuyoruz ve \u00fclkemizin enerji ihtiyac\u0131na \u00fcr\u00fcnlerimizle destek olmaya devam ediyoruz\u201d dedi.<\/p>\n<p>Enerjiye ihtiya\u00e7 duyulan hemen her alanda g\u00fcne\u015f enerjisinin kullan\u0131labildi\u011fini dile getiren Y\u0131lmaz, hem arazileri hem de \u00e7at\u0131lar\u0131 g\u00fcne\u015f enerji santralleri (GES) ile donatmaya devam ettiklerini dile getirdi. Bu kapsamda, Erzurum\u2019da iki projede CW Enerji\u2019nin g\u00fcne\u015f panellerinin kullan\u0131ld\u0131\u011f\u0131n\u0131 ifade eden Y\u0131lmaz, \u201cYat\u0131r\u0131mc\u0131lar\u0131m\u0131z \u00fcretti\u011fimiz g\u00fcne\u015f panellerimiz ile toplamda 56 MWp g\u00fcc\u00fcndeki iki projesini devreye ald\u0131lar. Bu kapsamda Elvan G\u0131da 46 MWp g\u00fcc\u00fcnde, Cici S\u00fct ise 10 MWp g\u00fcc\u00fcnde CW Enerji g\u00fcne\u015f panellerini kulland\u0131. Bu firmalar CW Enerji \u00a0g\u00fcne\u015f g\u00fcne\u015f panelleri ile yenilenebilir enerjiye ge\u00e7ti\u201d diye konu\u015ftu. Y\u0131lmaz, bu \u00f6rnek projede \u00fcr\u00fcnlerimizi kullanarak daha temiz bir gelecek ve daha s\u00fcrd\u00fcr\u00fclebilir bir ekonomi hedefine ciddi katk\u0131da bulunan Elvan G\u0131da ve Cici S\u00fct firmalar\u0131na \u00e7ok te\u015fekk\u00fcr ediyoruz\u201d dedi.<\/p>\n<p><strong>Enerjimizi g\u00fcne\u015ften \u00fcretmeye devam ediyoruz<\/strong><\/p>\n<p>\u201cDaha s\u00fcrd\u00fcr\u00fclebilir bir \u00e7evre ve ekonomi i\u00e7in enerjimizi g\u00fcne\u015ften \u00fcretmeye devam ediyoruz\u201d diyen Y\u0131lmaz, \u015funlar\u0131 kaydetti: \u201c\u015eirket olarak, yerli ve milli \u00fcretim \u00f6nceli\u011fiyle hareket ediyoruz. AR-GE Merkezi\u2019mizdeki \u00e7al\u0131\u015fmalar\u0131m\u0131z ve son teknoloji imkanlar\u0131m\u0131z ile yenilik\u00e7i \u00fcr\u00fcnler geli\u015ftirmeye \u00f6zen g\u00f6steriyoruz. T\u00fcrkiye\u2019nin 7 b\u00f6lgesine hizmet veriyor ve \u00fcr\u00fcnlerimizin belirli \u00fclkelere ihra\u00e7 ediyoruz. G\u00fcne\u015f panellerimiz hem arazi hem de \u00e7at\u0131 GES projelerinde kullan\u0131lmaya devam ediyor. Bug\u00fcne kadar oldu\u011fu gibi bundan sonra da katma de\u011ferli, nitelikli, inovatif ve uzun \u00f6m\u00fcrl\u00fc \u00fcr\u00fcnler \u00fcretmeyi s\u00fcrd\u00fcrece\u011fiz.\u201d<\/p>\n<p><img loading=\"lazy\" decoding=\"async\" class=\"alignnone size-medium wp-image-4645\" src=\"http:\/\/www.prwestglobal.com\/wp-content\/uploads\/2023\/12\/VOLKAN-YILMAZ-300x209.jpg\"  alt=\"CW Enerji&#039;nin G\u00fcne\u015f Panelleri 56 Mwp G\u00fcc\u00fcndeki Projede Kullan\u0131ld\u0131\"  width=\"300\" height=\"209\" srcset=\"http:\/\/www.prwestglobal.com\/wp-content\/uploads\/2023\/12\/VOLKAN-YILMAZ-300x209.jpg 300w, http:\/\/www.prwestglobal.com\/wp-content\/uploads\/2023\/12\/VOLKAN-YILMAZ-1024x714.jpg 1024w, http:\/\/www.prwestglobal.com\/wp-content\/uploads\/2023\/12\/VOLKAN-YILMAZ-768x536.jpg 768w, http:\/\/www.prwestglobal.com\/wp-content\/uploads\/2023\/12\/VOLKAN-YILMAZ-1536x1072.jpg 1536w, http:\/\/www.prwestglobal.com\/wp-content\/uploads\/2023\/12\/VOLKAN-YILMAZ-2048x1429.jpg 2048w\" sizes=\"auto, (max-width: 300px) 100vw, 300px\" \/><\/p>\n","protected":false},"excerpt":{"rendered":"<p>CW Enerji\u2019nin \u00fcretti\u011fi g\u00fcne\u015f panelleri, Erzurum\u2019da toplamda 56 MWp g\u00fcc\u00fcndeki iki arazi GES\u2019te yerini ald\u0131. CW Enerji CEO\u2019su Volkan Y\u0131lmaz, CW Enerji olarak \u00fcretilen uzun \u00f6m\u00fcrl\u00fc ve y\u00fcksek verimli g\u00fcne\u015f&#8230;<\/p>\n","protected":false},"author":1,"featured_media":4645,"comment_status":"closed","ping_status":"closed","sticky":false,"template":"","format":"standard","meta":{"footnotes":""},"categories":[8],"tags":[],"class_list":{"0":"post-4644","1":"post","2":"type-post","3":"status-publish","4":"format-standard","5":"has-post-thumbnail","7":"category-basin"},"jetpack_featured_media_url":"http:\/\/www.prwestglobal.com\/wp-content\/uploads\/2023\/12\/VOLKAN-YILMAZ-scaled.jpg","_links":{"self":[{"href":"http:\/\/www.prwestglobal.com\/index.php\/wp-json\/wp\/v2\/posts\/4644","targetHints":{"allow":["GET"]}}],"collection":[{"href":"http:\/\/www.prwestglobal.com\/index.php\/wp-json\/wp\/v2\/posts"}],"about":[{"href":"http:\/\/www.prwestglobal.com\/index.php\/wp-json\/wp\/v2\/types\/post"}],"author":[{"embeddable":true,"href":"http:\/\/www.prwestglobal.com\/index.php\/wp-json\/wp\/v2\/users\/1"}],"replies":[{"embeddable":true,"href":"http:\/\/www.prwestglobal.com\/index.php\/wp-json\/wp\/v2\/comments?post=4644"}],"version-history":[{"count":1,"href":"http:\/\/www.prwestglobal.com\/index.php\/wp-json\/wp\/v2\/posts\/4644\/revisions"}],"predecessor-version":[{"id":4646,"href":"http:\/\/www.prwestglobal.com\/index.php\/wp-json\/wp\/v2\/posts\/4644\/revisions\/4646"}],"wp:featuredmedia":[{"embeddable":true,"href":"http:\/\/www.prwestglobal.com\/index.php\/wp-json\/wp\/v2\/media\/4645"}],"wp:attachment":[{"href":"http:\/\/www.prwestglobal.com\/index.php\/wp-json\/wp\/v2\/media?parent=4644"}],"wp:term":[{"taxonomy":"category","embeddable":true,"href":"http:\/\/www.prwestglobal.com\/index.php\/wp-json\/wp\/v2\/categories?post=4644"},{"taxonomy":"post_tag","embeddable":true,"href":"http:\/\/www.prwestglobal.com\/index.php\/wp-json\/wp\/v2\/tags?post=4644"}],"curies":[{"name":"wp","href":"https:\/\/api.w.org\/{rel}","templated":true}]}}