{"id":4697,"date":"2024-01-16T08:39:23","date_gmt":"2024-01-16T08:39:23","guid":{"rendered":"http:\/\/www.prwestglobal.com\/?p=4697"},"modified":"2024-01-16T08:39:23","modified_gmt":"2024-01-16T08:39:23","slug":"cw-genclik-ile-gencler-enerji-sektorunde-kendi-izlerini-birakacak","status":"publish","type":"post","link":"http:\/\/www.prwestglobal.com\/index.php\/2024\/01\/16\/cw-genclik-ile-gencler-enerji-sektorunde-kendi-izlerini-birakacak\/","title":{"rendered":"\u2018CW Gen\u00e7lik\u2019 ile gen\u00e7ler enerji sekt\u00f6r\u00fcnde kendi izlerini b\u0131rakacak"},"content":{"rendered":"<ul>\n<li><strong>CW Enerji, gen\u00e7lere y\u00f6nelik hayata ge\u00e7irdi\u011fi sosyal sorumluluk projesi \u2018CW Gen\u00e7lik\u2019 ile gen\u00e7lerin enerji sekt\u00f6r\u00fcnde kendilerini geli\u015ftirmelerine, kariyer yapmalar\u0131na ve s\u00fcrd\u00fcr\u00fclebilir bir gelece\u011fe katk\u0131 sa\u011flamalar\u0131na imkan sunuyor.<\/strong><\/li>\n<\/ul>\n<p><strong>\u00a0<\/strong><\/p>\n<ul>\n<li><strong>CW Enerji Y\u00f6netim Kurulu Ba\u015fkan\u0131 Tar\u0131k Sarvan, \u201cCW Gen\u00e7lik projesi, gen\u00e7leri gelece\u011fin liderleri olmaya \u00e7a\u011f\u0131r\u0131yor. CW Enerji ailesi olarak, t\u00fcm gen\u00e7lerimizi bu enerji dolu projede bulu\u015fmaya bekliyoruz\u201d dedi.<\/strong><\/li>\n<\/ul>\n<p>&nbsp;<\/p>\n<p><strong>Antalya, <\/strong>16.01.2024 \u2013CW Enerji, gen\u00e7lere y\u00f6nelik hayata ge\u00e7irdi\u011fi sosyal sorumluluk projesi \u2018CW Gen\u00e7lik\u2019 ile gen\u00e7lerin enerji sekt\u00f6r\u00fcnde kendilerini geli\u015ftirmelerine, kariyer yapmalar\u0131na ve s\u00fcrd\u00fcr\u00fclebilir bir gelece\u011fe katk\u0131 sa\u011flamalar\u0131na imkan sunuyor. Proje kapsam\u0131nda CW Enerji&#8217;nin g\u00fc\u00e7l\u00fc destekleriyle gen\u00e7lerin enerji d\u00fcnyas\u0131na ad\u0131m atmalar\u0131 sa\u011flanarak, gelece\u011fin liderlerini \u015fekillendirme hedefi ta\u015f\u0131n\u0131yor.<\/p>\n<p>CW Enerji Y\u00f6netim Kurulu Ba\u015fkan\u0131 Tar\u0131k Sarvan, gen\u00e7 giri\u015fimcilere seslenerek, &#8220;CW Gen\u00e7lik, enerji sekt\u00f6r\u00fcn\u00fcn kap\u0131lar\u0131n\u0131 gen\u00e7lerimize aral\u0131yor. Bu proje, sadece bir e\u011fitim platformu olman\u0131n \u00f6tesinde; gen\u00e7lerimizin enerji sekt\u00f6r\u00fcne y\u00f6n vermesi, inovasyona katk\u0131da bulunmas\u0131 ve s\u00fcrd\u00fcr\u00fclebilir bir gelece\u011fin mimarlar\u0131 olmalar\u0131na olanak tan\u0131yor. CW Enerji&#8217;nin g\u00fc\u00e7l\u00fc deste\u011fiyle, gen\u00e7lerimiz enerji sekt\u00f6r\u00fcnde kendi izlerini b\u0131rakacak&#8221; dedi.<\/p>\n<p><strong>E\u011fitim ve s\u0131nav haftas\u0131 ba\u015flad\u0131<\/strong><\/p>\n<p>Proje kapsam\u0131nda heyecan verici bir d\u00f6neme ad\u0131m at\u0131ld\u0131\u011f\u0131n\u0131 ifade eden Sarvan, e\u011fitim ve s\u0131nav haftas\u0131n\u0131n ba\u015flad\u0131\u011f\u0131n\u0131 kaydetti. Sarvan, \u201cE\u011fitim ve s\u0131nav haftas\u0131, CW Gen\u00e7lik adaylar\u0131na enerji sekt\u00f6r\u00fcn\u00fcn derinliklerine inme, teorik bilgilerini geli\u015ftirme ve sekt\u00f6rel uzmanlarla bulu\u015fma f\u0131rsat\u0131 sunuyor. CW Gen\u00e7lik, gen\u00e7leri hem teorik hem de pratik a\u00e7\u0131dan donatarak, sekt\u00f6rdeki geleceklerine g\u00fcvenle ad\u0131m atmalar\u0131n\u0131 sa\u011fl\u0131yor\u201d diye konu\u015ftu.<\/p>\n<p><strong>Gelece\u011fi birlikte in\u015fa edece\u011fiz<\/strong><\/p>\n<p>&#8220;G\u00fcn\u00fcm\u00fcz\u00fcn gen\u00e7leri, enerji sekt\u00f6r\u00fcnde kendi izlerini b\u0131rakmak ve s\u00fcrd\u00fcr\u00fclebilir bir gelece\u011fi birlikte in\u015fa etmek i\u00e7in e\u015fsiz bir f\u0131rsata sahipler\u201d diyen Sarvan, \u015f\u00f6yle devam etti: \u201cCW Gen\u00e7lik projesi, gen\u00e7leri gelece\u011fin liderleri olmaya \u00e7a\u011f\u0131r\u0131yor. CW Enerji ailesi olarak, t\u00fcm gen\u00e7lerimizi bu enerji dolu projede bulu\u015fmaya bekliyoruz. Unutmay\u0131n, sizlerle birlikte \u015fekillenecek olan gelece\u011fi birlikte in\u015fa edece\u011fiz&#8221;<\/p>\n<p><strong>Teknik gezi f\u0131rsat\u0131<\/strong><\/p>\n<p>Proje kapsam\u0131nda d\u00fczenlenecek teknik geziler, gen\u00e7lere enerji sekt\u00f6r\u00fcn\u00fc yerinde ke\u015ffetme \u015fans\u0131 tan\u0131yor. CW Enerji&#8217;nin tesislerini ziyaret ederek, \u00fcretim s\u00fcre\u00e7lerini yak\u0131ndan g\u00f6ren gen\u00e7ler, sekt\u00f6rel uzmanlarla etkile\u015fimde bulunma f\u0131rsat\u0131 yakalayacaklar. Bu deneyim, gen\u00e7lerin sekt\u00f6re daha yak\u0131ndan n\u00fcfuz etmelerine ve kariyerlerini \u015fekillendirmelerine katk\u0131da bulunacak.<\/p>\n<p><strong>Ye\u015file ve sokak hayvanlar\u0131na destek<\/strong><\/p>\n<p>CW Gen\u00e7lik, gen\u00e7lerin liderli\u011finde s\u00fcrd\u00fcr\u00fclebilir projelere imza at\u0131yor. Fidan dikimi ve sokak hayvanlar\u0131na destek amac\u0131yla olu\u015fturulan fon, gen\u00e7lerin enerjisini \u00e7evre ve toplumlar\u0131 i\u00e7in harcamalar\u0131na olanak tan\u0131yor. CW Enerji, gen\u00e7lerin bu sosyal sorumluluk projelerini destekleyerek, enerji sekt\u00f6r\u00fcnde sadece liderlikleriyle de\u011fil, ayn\u0131 zamanda toplumsal sorumluluklar\u0131yla da \u00f6ne \u00e7\u0131kmalar\u0131n\u0131 sa\u011fl\u0131yor. Bu \u00e7aba, gen\u00e7lerin enerji dolu gelece\u011fini sadece sekt\u00f6re de\u011fil, ayn\u0131 zamanda \u00e7evrelerine de de\u011fer katan bir misyonla \u015fekillendiriyor.<\/p>\n<p><strong>CW Gen\u00e7lik projesi hakk\u0131nda<\/strong><\/p>\n<p>Proje gen\u00e7 giri\u015fimcileri desteklemekte, gen\u00e7lerin kariyer planlamalar\u0131na destek olmakta ve gelir kayna\u011f\u0131 sunmaktad\u0131r. Ba\u015fvuru sim\u00fclat\u00f6r \u00fczerinden yap\u0131lmaktad\u0131r. \u00d6ncelikle e\u011fitim videolar\u0131 izlenir, s\u0131nava giri\u015f yap\u0131l\u0131r. 50 \u00fczerinde puan alan ve ba\u015fvuru kriterlerini kar\u015f\u0131layan herkes sisteme kabul edilir. Ba\u015far\u0131l\u0131 adaylara CW Gen\u00e7lik ID No verilir. Sim\u00fclat\u00f6r ve MTS kay\u0131tlar\u0131 ger\u00e7ekle\u015ftirilir. Ard\u0131ndan CW Gen\u00e7lik \u00fcyeli\u011fi tamamlanm\u0131\u015f olur.<\/p>\n\n\t\t<style type=\"text\/css\">\n\t\t\t#gallery-1 {\n\t\t\t\tmargin: auto;\n\t\t\t}\n\t\t\t#gallery-1 .gallery-item {\n\t\t\t\tfloat: left;\n\t\t\t\tmargin-top: 10px;\n\t\t\t\ttext-align: center;\n\t\t\t\twidth: 33%;\n\t\t\t}\n\t\t\t#gallery-1 img {\n\t\t\t\tborder: 2px solid #cfcfcf;\n\t\t\t}\n\t\t\t#gallery-1 .gallery-caption {\n\t\t\t\tmargin-left: 0;\n\t\t\t}\n\t\t\t\/* see gallery_shortcode() in wp-includes\/media.php *\/\n\t\t<\/style>\n\t\t<div id='gallery-1' class='gallery galleryid-4697 gallery-columns-3 gallery-size-thumbnail'><dl class='gallery-item'>\n\t\t\t<dt class='gallery-icon landscape'>\n\t\t\t\t<a href='http:\/\/www.prwestglobal.com\/index.php\/2024\/01\/16\/cw-genclik-ile-gencler-enerji-sektorunde-kendi-izlerini-birakacak\/default-7\/'><img loading=\"lazy\" decoding=\"async\" width=\"150\" height=\"150\" src=\"http:\/\/www.prwestglobal.com\/wp-content\/uploads\/2024\/01\/1-2-150x150.jpg\" class=\"attachment-thumbnail size-thumbnail\"  alt=\"\u2018CW Gen\u00e7lik\u2019 ile gen\u00e7ler enerji sekt\u00f6r\u00fcnde kendi izlerini b\u0131rakacak\"  aria-describedby=\"gallery-1-4698\" srcset=\"http:\/\/www.prwestglobal.com\/wp-content\/uploads\/2024\/01\/1-2-150x150.jpg 150w, http:\/\/www.prwestglobal.com\/wp-content\/uploads\/2024\/01\/1-2-140x140.jpg 140w, http:\/\/www.prwestglobal.com\/wp-content\/uploads\/2024\/01\/1-2-100x100.jpg 100w, http:\/\/www.prwestglobal.com\/wp-content\/uploads\/2024\/01\/1-2-500x500.jpg 500w, http:\/\/www.prwestglobal.com\/wp-content\/uploads\/2024\/01\/1-2-350x350.jpg 350w, http:\/\/www.prwestglobal.com\/wp-content\/uploads\/2024\/01\/1-2-1000x1000.jpg 1000w, http:\/\/www.prwestglobal.com\/wp-content\/uploads\/2024\/01\/1-2-800x800.jpg 800w\" sizes=\"auto, (max-width: 150px) 100vw, 150px\" \/><\/a>\n\t\t\t<\/dt>\n\t\t\t\t<dd class='wp-caption-text gallery-caption' id='gallery-1-4698'>\n\t\t\t\tdefault\n\t\t\t\t<\/dd><\/dl><dl class='gallery-item'>\n\t\t\t<dt class='gallery-icon landscape'>\n\t\t\t\t<a href='http:\/\/www.prwestglobal.com\/index.php\/2023\/12\/28\/cw-enerji-fabrikasinda-ayni-anda-37-elektrikli-arac-sarj-oolabiliyor\/tarik-sarvan-14\/'><img loading=\"lazy\" decoding=\"async\" width=\"150\" height=\"150\" src=\"http:\/\/www.prwestglobal.com\/wp-content\/uploads\/2023\/12\/TARIK-SARVAN-3-150x150.jpg\" class=\"attachment-thumbnail size-thumbnail\"  alt=\"\u2018CW Gen\u00e7lik\u2019 ile gen\u00e7ler enerji sekt\u00f6r\u00fcnde kendi izlerini b\u0131rakacak\"  srcset=\"http:\/\/www.prwestglobal.com\/wp-content\/uploads\/2023\/12\/TARIK-SARVAN-3-150x150.jpg 150w, http:\/\/www.prwestglobal.com\/wp-content\/uploads\/2023\/12\/TARIK-SARVAN-3-140x140.jpg 140w, http:\/\/www.prwestglobal.com\/wp-content\/uploads\/2023\/12\/TARIK-SARVAN-3-100x100.jpg 100w, http:\/\/www.prwestglobal.com\/wp-content\/uploads\/2023\/12\/TARIK-SARVAN-3-500x500.jpg 500w, http:\/\/www.prwestglobal.com\/wp-content\/uploads\/2023\/12\/TARIK-SARVAN-3-350x350.jpg 350w, http:\/\/www.prwestglobal.com\/wp-content\/uploads\/2023\/12\/TARIK-SARVAN-3-1000x1000.jpg 1000w, http:\/\/www.prwestglobal.com\/wp-content\/uploads\/2023\/12\/TARIK-SARVAN-3-800x800.jpg 800w\" sizes=\"auto, (max-width: 150px) 100vw, 150px\" \/><\/a>\n\t\t\t<\/dt><\/dl>\n\t\t\t<br style='clear: both' \/>\n\t\t<\/div>\n\n","protected":false},"excerpt":{"rendered":"<p>CW Enerji, gen\u00e7lere y\u00f6nelik hayata ge\u00e7irdi\u011fi sosyal sorumluluk projesi \u2018CW Gen\u00e7lik\u2019 ile gen\u00e7lerin enerji sekt\u00f6r\u00fcnde kendilerini geli\u015ftirmelerine, kariyer yapmalar\u0131na ve s\u00fcrd\u00fcr\u00fclebilir bir gelece\u011fe katk\u0131 sa\u011flamalar\u0131na imkan sunuyor. \u00a0 CW Enerji&#8230;<\/p>\n","protected":false},"author":1,"featured_media":0,"comment_status":"closed","ping_status":"closed","sticky":false,"template":"","format":"standard","meta":{"footnotes":""},"categories":[8],"tags":[],"class_list":{"0":"post-4697","1":"post","2":"type-post","3":"status-publish","4":"format-standard","6":"category-basin"},"jetpack_featured_media_url":"","_links":{"self":[{"href":"http:\/\/www.prwestglobal.com\/index.php\/wp-json\/wp\/v2\/posts\/4697","targetHints":{"allow":["GET"]}}],"collection":[{"href":"http:\/\/www.prwestglobal.com\/index.php\/wp-json\/wp\/v2\/posts"}],"about":[{"href":"http:\/\/www.prwestglobal.com\/index.php\/wp-json\/wp\/v2\/types\/post"}],"author":[{"embeddable":true,"href":"http:\/\/www.prwestglobal.com\/index.php\/wp-json\/wp\/v2\/users\/1"}],"replies":[{"embeddable":true,"href":"http:\/\/www.prwestglobal.com\/index.php\/wp-json\/wp\/v2\/comments?post=4697"}],"version-history":[{"count":1,"href":"http:\/\/www.prwestglobal.com\/index.php\/wp-json\/wp\/v2\/posts\/4697\/revisions"}],"predecessor-version":[{"id":4699,"href":"http:\/\/www.prwestglobal.com\/index.php\/wp-json\/wp\/v2\/posts\/4697\/revisions\/4699"}],"wp:attachment":[{"href":"http:\/\/www.prwestglobal.com\/index.php\/wp-json\/wp\/v2\/media?parent=4697"}],"wp:term":[{"taxonomy":"category","embeddable":true,"href":"http:\/\/www.prwestglobal.com\/index.php\/wp-json\/wp\/v2\/categories?post=4697"},{"taxonomy":"post_tag","embeddable":true,"href":"http:\/\/www.prwestglobal.com\/index.php\/wp-json\/wp\/v2\/tags?post=4697"}],"curies":[{"name":"wp","href":"https:\/\/api.w.org\/{rel}","templated":true}]}}