{"id":4734,"date":"2024-02-14T08:32:49","date_gmt":"2024-02-14T08:32:49","guid":{"rendered":"http:\/\/www.prwestglobal.com\/?p=4734"},"modified":"2024-02-14T08:34:31","modified_gmt":"2024-02-14T08:34:31","slug":"obeziteli-bireyler-icin-en-gec-yilda-bir-kez-ic-hastaliklari-muayenesi-sart","status":"publish","type":"post","link":"http:\/\/www.prwestglobal.com\/index.php\/2024\/02\/14\/obeziteli-bireyler-icin-en-gec-yilda-bir-kez-ic-hastaliklari-muayenesi-sart\/","title":{"rendered":"Obeziteli bireyler i\u00e7in en ge\u00e7 y\u0131lda bir kez i\u00e7 hastal\u0131klar\u0131 muayenesi \u015fart!"},"content":{"rendered":"<ul>\n<li><strong>Nev Band\u0131rma Dahiliye B\u00f6l\u00fcm\u00fc\u2019nden Uzm. Dr. Cem Balta, obezite ile ili\u015fkili hastal\u0131klar, obezitenin tedavi s\u00fcreci ve en ge\u00e7 y\u0131lda bir kez yap\u0131lmas\u0131 gereken i\u00e7 hastal\u0131klar\u0131 muayenesinin obeziteli bireyler i\u00e7in \u00f6nemi hakk\u0131nda bilgiler verdi.<\/strong><\/li>\n<\/ul>\n<p><strong>Band\u0131rma,<\/strong> 14.02.2024 \u2013 D\u00fcnya genelinde halk sa\u011fl\u0131\u011f\u0131n\u0131 tehdit eden en \u00f6nemli hastal\u0131klardan biri obezite olarak kar\u015f\u0131m\u0131za \u00e7\u0131k\u0131yor.<\/p>\n<p>Nev Band\u0131rma Dahiliye B\u00f6l\u00fcm\u00fc\u2019nden Uzm. Dr. Cem Balta, obezite ile ili\u015fkili hastal\u0131klar, obezitenin tedavi s\u00fcreci ve en ge\u00e7 y\u0131lda bir kez yap\u0131lmas\u0131 gereken i\u00e7 hastal\u0131klar\u0131 muayenesinin obeziteli bireyler i\u00e7in \u00f6nemi hakk\u0131nda bilgiler verdi.<\/p>\n<p>Obezitenin v\u00fccut ya\u011f k\u00fctlesi miktar\u0131n\u0131n ya\u011fs\u0131z k\u00fctleye g\u00f6re artm\u0131\u015f olmas\u0131 durumu oldu\u011funu ifade eden Uzm. Dr. Cem Balta, \u201c21.yy\u2019da \u00e7a\u011f\u0131m\u0131z\u0131n sa\u011fl\u0131k sorunu olan obezite fizyolojik, psikolojik, genetik, \u00e7evresel ve sosyoekonomik nedenleri olan multifakt\u00f6riyel bir hastal\u0131kt\u0131r. Obezite ile ili\u015fkili hastal\u0131klar ve sorunlar \u00e7e\u015fitli organlar\u0131 etkileyerek ya\u015fam s\u00fcresini k\u0131saltmaktad\u0131r. Ara\u015ft\u0131rmalar y\u00fcksek V\u00fccut K\u00fctle \u0130ndeksi (VK\u0130) \u2018nin genel ya\u015fam beklentisini 10 y\u0131la kadar azaltt\u0131\u011f\u0131n\u0131 g\u00f6stermektedir\u201d dedi.<\/p>\n<p><strong>Bir\u00e7ok hastal\u0131k obezite ile ili\u015fkili<\/strong><\/p>\n<p>Tip 2 Diyabet, hipertansiyon, dislipidemi, kalp yetmezli\u011fi, obstr\u00fcktif uyku apne sendromu, karaci\u011fer ya\u011flanmas\u0131-siroz, prediyabet, osteoartrit, polikistik over sendromu gibi bir\u00e7ok hastal\u0131\u011f\u0131n obeziteyle ili\u015fkisi oldu\u011funu belirten Uzm. Dr. Cem Balta, bu hastal\u0131klar\u0131n kardiyovask\u00fcler \u00f6l\u00fcm riskini de art\u0131rd\u0131\u011f\u0131n\u0131 vurgulad\u0131.<\/p>\n<p><strong>Obezite yeterince tan\u0131 alamamakta ve yeterince tedavi edilememekte<\/strong><\/p>\n<p>Uzm. Dr. Balta, \u201cObezite d\u00fcnya genelinde 650 milyon yeti\u015fkini etkilemektedir. Bu say\u0131, d\u00fcnya n\u00fcfusunun %13\u2019\u00fcne tekab\u00fcl etmektedir. Hem sa\u011fl\u0131k \u00e7al\u0131\u015fanlar\u0131 hem de obeziteli bireyler, obezitenin kronik bir hastal\u0131k oldu\u011funu kabul etseler de; obezite yeterince tan\u0131 alamamakta ve yeterince tedavi edilememektedir. Kan\u0131ta dayal\u0131 obezite tedavisi olan bireyler %20\u2019nin alt\u0131nda kalmaktad\u0131r\u201d diye belirtti.<\/p>\n<p><strong>Ya\u015fam kalitesini art\u0131rmak i\u00e7in tedavi elzem<\/strong><\/p>\n<p>Obezite tedavisinin hem sa\u011fl\u0131kl\u0131 ya\u015flanmay\u0131 sa\u011flamak hem de ya\u015fam kalitesini iyile\u015ftirmek i\u00e7in elzem oldu\u011funu belirten Uzm. Dr. Cem Balta, \u201cKalp sa\u011fl\u0131\u011f\u0131 i\u00e7in, Tip-2 Diyabet, hipertansiyon, hiperlipidemi, non-alkolik steatohepatit (karaci\u011fer ya\u011flanmas\u0131) ve buna ba\u011fl\u0131 siroz geli\u015fiminin \u00f6n\u00fcne ge\u00e7ilmesi i\u00e7in tedavi hedefi belirlenmelidir. Tedavide uygun diyet e\u011fitimi, beslenme al\u0131\u015fkanl\u0131klar\u0131n\u0131n d\u00fczenlenmesi kilo y\u00f6netiminin temel ta\u015f\u0131d\u0131r. Bunun yan\u0131nda farmakolojik (ila\u00e7l\u0131) tedavi de g\u00fcn\u00fcm\u00fczde kan\u0131tl\u0131, olduk\u00e7a etkin tedavi y\u00f6ntemidir. Bariyetrik cerrahi, obezite y\u00f6netimi i\u00e7in \u00fc\u00e7\u00fcnc\u00fc basamakta \u00f6nerilen mevcut en etkili m\u00fcdahaledir ve obezite ile ili\u015fkili ciddi komplikasyonlar\u0131n y\u00f6netimi i\u00e7in uygulan\u0131r\u201d dedi.<\/p>\n<p><strong>En ge\u00e7 y\u0131lda bir kez i\u00e7 hastal\u0131klar\u0131 muayenesi gerekli<\/strong><\/p>\n<p>Uzm. Dr. Balta, \u201cObeziteli bireylerin mutlaka en ge\u00e7 y\u0131lda bir i\u00e7 hastal\u0131klar\u0131 muayenesi yapt\u0131rmas\u0131, karaci\u011fer fonksiyon testleri, kan lipid profili, a\u00e7l\u0131k kan \u015fekeri ve\/veya HbA1c testlerini kontrol ettirmesi \u00f6nerilir. Ya\u015f, genetik fakt\u00f6rler, e\u015flik eden hastal\u0131klar dikkate al\u0131narak, obezite tedavi se\u00e7ene\u011fi belirlenmelidir\u201d diyerek s\u00f6zlerine son verdi.<\/p>\n<p>###<\/p>\n\n\t\t<style type=\"text\/css\">\n\t\t\t#gallery-1 {\n\t\t\t\tmargin: auto;\n\t\t\t}\n\t\t\t#gallery-1 .gallery-item {\n\t\t\t\tfloat: left;\n\t\t\t\tmargin-top: 10px;\n\t\t\t\ttext-align: center;\n\t\t\t\twidth: 33%;\n\t\t\t}\n\t\t\t#gallery-1 img {\n\t\t\t\tborder: 2px solid #cfcfcf;\n\t\t\t}\n\t\t\t#gallery-1 .gallery-caption {\n\t\t\t\tmargin-left: 0;\n\t\t\t}\n\t\t\t\/* see gallery_shortcode() in wp-includes\/media.php *\/\n\t\t<\/style>\n\t\t<div id='gallery-1' class='gallery galleryid-4734 gallery-columns-3 gallery-size-thumbnail'><dl class='gallery-item'>\n\t\t\t<dt class='gallery-icon landscape'>\n\t\t\t\t<a href='http:\/\/www.prwestglobal.com\/wp-content\/uploads\/2024\/02\/uzm-dr-cem-balta.jpg'><img loading=\"lazy\" decoding=\"async\" width=\"150\" height=\"150\" src=\"http:\/\/www.prwestglobal.com\/wp-content\/uploads\/2024\/02\/uzm-dr-cem-balta-150x150.jpg\" class=\"attachment-thumbnail size-thumbnail\"  alt=\"Obeziteli bireyler i\u00e7in en ge\u00e7 y\u0131lda bir kez i\u00e7 hastal\u0131klar\u0131 muayenesi \u015fart!\"  srcset=\"http:\/\/www.prwestglobal.com\/wp-content\/uploads\/2024\/02\/uzm-dr-cem-balta-150x150.jpg 150w, http:\/\/www.prwestglobal.com\/wp-content\/uploads\/2024\/02\/uzm-dr-cem-balta-300x300.jpg 300w, http:\/\/www.prwestglobal.com\/wp-content\/uploads\/2024\/02\/uzm-dr-cem-balta-1024x1024.jpg 1024w, http:\/\/www.prwestglobal.com\/wp-content\/uploads\/2024\/02\/uzm-dr-cem-balta-768x768.jpg 768w, http:\/\/www.prwestglobal.com\/wp-content\/uploads\/2024\/02\/uzm-dr-cem-balta-1536x1536.jpg 1536w, http:\/\/www.prwestglobal.com\/wp-content\/uploads\/2024\/02\/uzm-dr-cem-balta-2048x2048.jpg 2048w, http:\/\/www.prwestglobal.com\/wp-content\/uploads\/2024\/02\/uzm-dr-cem-balta-140x140.jpg 140w, http:\/\/www.prwestglobal.com\/wp-content\/uploads\/2024\/02\/uzm-dr-cem-balta-100x100.jpg 100w, http:\/\/www.prwestglobal.com\/wp-content\/uploads\/2024\/02\/uzm-dr-cem-balta-500x500.jpg 500w, http:\/\/www.prwestglobal.com\/wp-content\/uploads\/2024\/02\/uzm-dr-cem-balta-350x350.jpg 350w, http:\/\/www.prwestglobal.com\/wp-content\/uploads\/2024\/02\/uzm-dr-cem-balta-1000x1000.jpg 1000w, http:\/\/www.prwestglobal.com\/wp-content\/uploads\/2024\/02\/uzm-dr-cem-balta-800x800.jpg 800w\" sizes=\"auto, (max-width: 150px) 100vw, 150px\" \/><\/a>\n\t\t\t<\/dt><\/dl><dl class='gallery-item'>\n\t\t\t<dt class='gallery-icon landscape'>\n\t\t\t\t<a href='http:\/\/www.prwestglobal.com\/wp-content\/uploads\/2024\/02\/gorsel-2-scaled.jpg'><img loading=\"lazy\" decoding=\"async\" width=\"150\" height=\"150\" src=\"http:\/\/www.prwestglobal.com\/wp-content\/uploads\/2024\/02\/gorsel-2-150x150.jpg\" class=\"attachment-thumbnail size-thumbnail\"  alt=\"Obeziteli bireyler i\u00e7in en ge\u00e7 y\u0131lda bir kez i\u00e7 hastal\u0131klar\u0131 muayenesi \u015fart!\"  aria-describedby=\"gallery-1-4736\" srcset=\"http:\/\/www.prwestglobal.com\/wp-content\/uploads\/2024\/02\/gorsel-2-150x150.jpg 150w, http:\/\/www.prwestglobal.com\/wp-content\/uploads\/2024\/02\/gorsel-2-140x140.jpg 140w, http:\/\/www.prwestglobal.com\/wp-content\/uploads\/2024\/02\/gorsel-2-100x100.jpg 100w, http:\/\/www.prwestglobal.com\/wp-content\/uploads\/2024\/02\/gorsel-2-500x500.jpg 500w, http:\/\/www.prwestglobal.com\/wp-content\/uploads\/2024\/02\/gorsel-2-350x350.jpg 350w, http:\/\/www.prwestglobal.com\/wp-content\/uploads\/2024\/02\/gorsel-2-1000x1000.jpg 1000w, http:\/\/www.prwestglobal.com\/wp-content\/uploads\/2024\/02\/gorsel-2-800x800.jpg 800w\" sizes=\"auto, (max-width: 150px) 100vw, 150px\" \/><\/a>\n\t\t\t<\/dt>\n\t\t\t\t<dd class='wp-caption-text gallery-caption' id='gallery-1-4736'>\n\t\t\t\tDoctor measuring glucose level in patient.\n\t\t\t\t<\/dd><\/dl><dl class='gallery-item'>\n\t\t\t<dt class='gallery-icon landscape'>\n\t\t\t\t<a href='http:\/\/www.prwestglobal.com\/wp-content\/uploads\/2024\/02\/gorsel-scaled.jpg'><img loading=\"lazy\" decoding=\"async\" width=\"150\" height=\"150\" src=\"http:\/\/www.prwestglobal.com\/wp-content\/uploads\/2024\/02\/gorsel-150x150.jpg\" class=\"attachment-thumbnail size-thumbnail\"  alt=\"Obeziteli bireyler i\u00e7in en ge\u00e7 y\u0131lda bir kez i\u00e7 hastal\u0131klar\u0131 muayenesi \u015fart!\"  srcset=\"http:\/\/www.prwestglobal.com\/wp-content\/uploads\/2024\/02\/gorsel-150x150.jpg 150w, http:\/\/www.prwestglobal.com\/wp-content\/uploads\/2024\/02\/gorsel-140x140.jpg 140w, http:\/\/www.prwestglobal.com\/wp-content\/uploads\/2024\/02\/gorsel-100x100.jpg 100w, http:\/\/www.prwestglobal.com\/wp-content\/uploads\/2024\/02\/gorsel-500x500.jpg 500w, http:\/\/www.prwestglobal.com\/wp-content\/uploads\/2024\/02\/gorsel-350x350.jpg 350w, http:\/\/www.prwestglobal.com\/wp-content\/uploads\/2024\/02\/gorsel-1000x1000.jpg 1000w, http:\/\/www.prwestglobal.com\/wp-content\/uploads\/2024\/02\/gorsel-800x800.jpg 800w\" sizes=\"auto, (max-width: 150px) 100vw, 150px\" \/><\/a>\n\t\t\t<\/dt><\/dl><br style=\"clear: both\" \/>\n\t\t<\/div>\n\n","protected":false},"excerpt":{"rendered":"<p>Nev Band\u0131rma Dahiliye B\u00f6l\u00fcm\u00fc\u2019nden Uzm. Dr. Cem Balta, obezite ile ili\u015fkili hastal\u0131klar, obezitenin tedavi s\u00fcreci ve en ge\u00e7 y\u0131lda bir kez yap\u0131lmas\u0131 gereken i\u00e7 hastal\u0131klar\u0131 muayenesinin obeziteli bireyler i\u00e7in \u00f6nemi&#8230;<\/p>\n","protected":false},"author":1,"featured_media":4736,"comment_status":"closed","ping_status":"closed","sticky":false,"template":"","format":"standard","meta":{"footnotes":""},"categories":[8],"tags":[215,216],"class_list":{"0":"post-4734","1":"post","2":"type-post","3":"status-publish","4":"format-standard","5":"has-post-thumbnail","7":"category-basin","8":"tag-obezite","9":"tag-saglikli-yasam"},"jetpack_featured_media_url":"http:\/\/www.prwestglobal.com\/wp-content\/uploads\/2024\/02\/gorsel-2-scaled.jpg","_links":{"self":[{"href":"http:\/\/www.prwestglobal.com\/index.php\/wp-json\/wp\/v2\/posts\/4734","targetHints":{"allow":["GET"]}}],"collection":[{"href":"http:\/\/www.prwestglobal.com\/index.php\/wp-json\/wp\/v2\/posts"}],"about":[{"href":"http:\/\/www.prwestglobal.com\/index.php\/wp-json\/wp\/v2\/types\/post"}],"author":[{"embeddable":true,"href":"http:\/\/www.prwestglobal.com\/index.php\/wp-json\/wp\/v2\/users\/1"}],"replies":[{"embeddable":true,"href":"http:\/\/www.prwestglobal.com\/index.php\/wp-json\/wp\/v2\/comments?post=4734"}],"version-history":[{"count":1,"href":"http:\/\/www.prwestglobal.com\/index.php\/wp-json\/wp\/v2\/posts\/4734\/revisions"}],"predecessor-version":[{"id":4738,"href":"http:\/\/www.prwestglobal.com\/index.php\/wp-json\/wp\/v2\/posts\/4734\/revisions\/4738"}],"wp:featuredmedia":[{"embeddable":true,"href":"http:\/\/www.prwestglobal.com\/index.php\/wp-json\/wp\/v2\/media\/4736"}],"wp:attachment":[{"href":"http:\/\/www.prwestglobal.com\/index.php\/wp-json\/wp\/v2\/media?parent=4734"}],"wp:term":[{"taxonomy":"category","embeddable":true,"href":"http:\/\/www.prwestglobal.com\/index.php\/wp-json\/wp\/v2\/categories?post=4734"},{"taxonomy":"post_tag","embeddable":true,"href":"http:\/\/www.prwestglobal.com\/index.php\/wp-json\/wp\/v2\/tags?post=4734"}],"curies":[{"name":"wp","href":"https:\/\/api.w.org\/{rel}","templated":true}]}}