{"id":4777,"date":"2024-03-22T08:13:49","date_gmt":"2024-03-22T08:13:49","guid":{"rendered":"http:\/\/www.prwestglobal.com\/?p=4777"},"modified":"2024-03-22T08:13:49","modified_gmt":"2024-03-22T08:13:49","slug":"mib-baskani-emre-gencer-reform-alanlarinda-daha-hizli-hareket-etmeliyiz","status":"publish","type":"post","link":"http:\/\/www.prwestglobal.com\/index.php\/2024\/03\/22\/mib-baskani-emre-gencer-reform-alanlarinda-daha-hizli-hareket-etmeliyiz\/","title":{"rendered":"M\u0130B Ba\u015fkan\u0131 Emre Gencer: Reform alanlar\u0131nda daha h\u0131zl\u0131 hareket etmeliyiz"},"content":{"rendered":"<ul>\n<li><strong>Makina \u0130malat\u00e7\u0131lar\u0131 Birli\u011fi\u2019nin (M\u0130B) geleneksel iftar yeme\u011finde konu\u015fan M\u0130B Ba\u015fkan\u0131 S. Emre Gencer, sekt\u00f6r\u00fcn beklentilerine ili\u015fkin \u00f6nemli a\u00e7\u0131klamalarda bulundu. Makina sekt\u00f6r\u00fcnde d\u00fcnya ticaretinden al\u0131nan pay\u0131n, \u00e7ok daha yukar\u0131lara ula\u015fma potansiyeli oldu\u011funu belirten Gencer, \u201cBu potansiyeli daha iyi kullanabilmek i\u00e7in, her vesileyle g\u00fcndeme getirdi\u011fimiz reform alanlar\u0131nda daha h\u0131zl\u0131 hareket etmeliyiz\u201d dedi.<\/strong><\/li>\n<\/ul>\n<p>&nbsp;<\/p>\n<p>1990 y\u0131l\u0131ndan beri t\u00fcm makine sekt\u00f6r\u00fcnde yerli makine \u00fcreticilerinin \u00e7\u0131karlar\u0131n\u0131 g\u00f6zetmek ve yerli makine \u00fcretimini desteklemek amac\u0131yla faaliyetlerini s\u00fcrd\u00fcren Makina \u0130malat\u00e7\u0131lar\u0131 Birli\u011fi\u2019nin (M\u0130B), geleneksel iftar yeme\u011fi organizasyonu ger\u00e7ekle\u015ftirildi.<\/p>\n<p>Cemile Sultan Korusu\u2019nda yo\u011fun bir kat\u0131l\u0131mla ger\u00e7ekle\u015fen organizasyonda konu\u015fan M\u0130B Ba\u015fkan\u0131 S. Emre Gencer, makine sekt\u00f6r\u00fcn\u00fcn sorunlar\u0131 ve \u00e7\u00f6z\u00fcm \u00f6nerileri hakk\u0131nda de\u011ferlendirmelerde bulundu.<\/p>\n<p>Ya\u015fanan olumsuz geli\u015fmelere ra\u011fmen 2023 y\u0131l\u0131n\u0131n, sekt\u00f6r a\u00e7\u0131s\u0131ndan olduk\u00e7a ba\u015far\u0131l\u0131 bir y\u0131l oldu\u011funu, yurti\u00e7i makine yat\u0131r\u0131mlar\u0131n\u0131n y\u00fczde 12 b\u00fcy\u00fcrken makine \u00fcretiminin y\u00fczde 8 oran\u0131nda artt\u0131\u011f\u0131n\u0131 belirten Gencer, bu g\u00fc\u00e7l\u00fc performans\u0131n itici g\u00fcc\u00fcn\u00fcn ihracat oldu\u011funu s\u00f6yledi.<\/p>\n<p><strong>2024 i\u00e7in umutluyuz<\/strong><\/p>\n<p>Gencer, ge\u00e7ti\u011fimiz y\u0131l makine ihracat\u0131n\u0131n y\u00fczde 11 artarak 28 milyar dolar seviyesini a\u015ft\u0131\u011f\u0131n\u0131 ifade ederek, \u201cBu g\u00fc\u00e7l\u00fc art\u0131\u015f\u0131 sa\u011flayan temel fakt\u00f6r\u00fcn, ana pazarlar\u0131m\u0131z d\u0131\u015f\u0131ndaki alternatif pazarlarda g\u00f6sterdi\u011fimiz ba\u015far\u0131 oldu\u011funu s\u00f6yleyebiliriz. 2024 i\u00e7in de umutluyuz. \u0130hracat\u0131n b\u00fcy\u00fcmeye katk\u0131s\u0131n\u0131n pozitif olmas\u0131n\u0131 \u00f6ng\u00f6ren OVP\u2019nin kararl\u0131l\u0131kla uygulanmas\u0131 halinde bu y\u0131l da g\u00fc\u00e7l\u00fc bir ihracat art\u0131\u015f oran\u0131 yakalayaca\u011f\u0131m\u0131za inan\u0131yorum. B\u00f6yle bir geli\u015fmeyi olumsuz etkileyebilecek riskler aras\u0131nda, y\u0131l\u0131n ikinci yar\u0131s\u0131 i\u00e7in Avrupa b\u00f6lgesinde beklenen ekonomik canlanman\u0131n gecikmesi ihtimali \u00f6n plana \u00e7\u0131kmaktad\u0131r. Buna, Rusya ve Ukrayna\u2019ya y\u00f6nelik ihracat\u0131m\u0131z\u0131n, sava\u015fa ba\u011fl\u0131 risklerin artmas\u0131na ba\u011fl\u0131 olarak olumsuz etkilenmesi olas\u0131l\u0131\u011f\u0131n\u0131 da ekleyebiliriz\u201d dedi.<\/p>\n<p>Ge\u00e7ti\u011fimiz iki ayda ikinci b\u00fcy\u00fck makine pazar\u0131m\u0131z olan Rusya\u2019ya ihracat\u0131n y\u00fczde 20 gibi olduk\u00e7a y\u00fcksek oranda azald\u0131\u011f\u0131na dikkat \u00e7eken Gencer, bu pazarda halen ya\u015fanmakta olan \u00f6deme sorunlar\u0131na \u00e7\u00f6z\u00fcm bulunamamas\u0131 halinde gerilemenin h\u0131zlanmas\u0131n\u0131n ka\u00e7\u0131n\u0131lmaz oldu\u011funu vurgulad\u0131.<\/p>\n<p><strong>Yeni yat\u0131r\u0131mlar yapmal\u0131y\u0131z <\/strong><\/p>\n<p>T\u00fcrkiye \u0130hracat\u00e7\u0131lar Meclisi b\u00fcnyesinde yap\u0131lan K\u00f6k Neden Analizlerine g\u00f6re, 29 kalem makinenin k\u00fcresel \u00f6l\u00e7ekte rekabet\u00e7i oldu\u011fumuz \u00fcr\u00fcnler listesinde en \u00f6n s\u0131ralarda yer ald\u0131\u011f\u0131n\u0131 dile getiren Gencer, \u201cBu veri makine sekt\u00f6r\u00fcnde d\u00fcnya ticaretinden ald\u0131\u011f\u0131m\u0131z pay\u0131n, \u00e7ok daha yukar\u0131lara ula\u015fma potansiyelinin oldu\u011funa i\u015faret etmektedir. Bu potansiyeli daha iyi kullanabilmek i\u00e7in, her vesileyle g\u00fcndeme getirdi\u011fimiz reform alanlar\u0131nda daha h\u0131zl\u0131 hareket etmeliyiz. Orta y\u00fcksek ve y\u00fcksek teknolojili \u00fcr\u00fcn ihracat kapasitemizi, dijital d\u00f6n\u00fc\u015f\u00fcm projeleri ile geli\u015ftirmek i\u00e7in yeni yat\u0131r\u0131mlar yapmal\u0131y\u0131z\u201d diye konu\u015ftu.<\/p>\n<p>&nbsp;<\/p>\n<p><strong>\u00d6nerimiz: Proje bazl\u0131 te\u015fvik sistemi kapsam\u0131ndaki yat\u0131r\u0131mlar i\u00e7in<\/strong><\/p>\n<p><strong>alternatif bir faiz indirim modeli geli\u015ftirilmesi<\/strong><\/p>\n<p>\u201cFinansman maliyetlerinin ola\u011fan\u00fcst\u00fc y\u00fckseldi\u011fi bu d\u00f6nemde, bu t\u00fcr yat\u0131r\u0131mlar\u0131 ger\u00e7ekle\u015ftirmemizin kolay olmad\u0131\u011f\u0131 takdir edilecektir\u201d diyen Gencer, \u015f\u00f6yle devam etti: \u201cBu konudaki \u00f6nerimiz, proje bazl\u0131 te\u015fvik sistemi kapsam\u0131ndaki yat\u0131r\u0131mlar i\u00e7in alternatif bir faiz indirim modeli geli\u015ftirilmesi ve uygulanmas\u0131d\u0131r. Bu konudaki di\u011fer bir iste\u011fimiz; Hamle Program\u0131 kapsam\u0131ndaki makine yat\u0131r\u0131m projelerine, basitle\u015ftirilmi\u015f usullerle YTAK kayna\u011f\u0131 sa\u011flanmas\u0131d\u0131r. Halihaz\u0131rdaki prosed\u00fcrlere g\u00f6re Hamle kapsam\u0131nda onaylanan 18 makine projesinden sadece \u00fc\u00e7\u00fcn\u00fcn, YTAK kayna\u011f\u0131ndan faydalanabilece\u011fini s\u00f6yledi\u011fimde konunun \u00f6nemi daha iyi anla\u015f\u0131lacakt\u0131r. Turquality program\u0131 kapsam\u0131ndaki \u015firketlerin projelerine, YTAK prosed\u00fcrleri \u00e7er\u00e7evesinde ilave Strateji Puan\u0131 verilmesi y\u00f6n\u00fcndeki talebimizi de buna ekleyebiliriz.\u201d<\/p>\n<p><strong>Yerli mal\u0131 makine kullan\u0131m\u0131n\u0131 \u00f6n plana <\/strong><\/p>\n<p><strong>\u00e7\u0131karacak yeni d\u00fczenlemeler yap\u0131lmal\u0131<\/strong><\/p>\n<p>Yerli mal\u0131 kullan\u0131m\u0131n\u0131n \u00f6zendirilmesine ili\u015fkin mevzuatta, kapasite raporlar\u0131n\u0131n kamu otoritesi taraf\u0131ndan denetlenmesine imkan verecek \u015fekilde de\u011fi\u015fikli\u011fe gidilmesi gerekti\u011fini belirten Gencer, ayn\u0131 \u015fekilde te\u015fvik belgeli yat\u0131r\u0131mlarda ithal makinelere vergi indirimi uygulamas\u0131n\u0131 ger\u00e7ekten istisnai hale getirecek, kamu \u0130hale Kanunu ve istisnalar\u0131 ile kamu-\u00f6zel sekt\u00f6r i\u015f birli\u011fi projelerinde yerli mal\u0131 makine kullan\u0131m\u0131n\u0131 \u00f6n plana \u00e7\u0131karacak yeni d\u00fczenlemelerin yap\u0131lmas\u0131nda yarar bulundu\u011funu kaydetti.<\/p>\n<p>Mevcut yat\u0131r\u0131m te\u015fvik sisteminin, do\u011frudan destek unsurlar\u0131na dayal\u0131 daha etkin bir yap\u0131ya kavu\u015fturulmas\u0131 gerekti\u011fini belirten Gencer, \u201cYat\u0131r\u0131m te\u015fviklerinin, AB \u00dclkelerinde oldu\u011fu gibi hibe ya da 10 y\u0131l vadeli s\u00fcbvansiyonlu kredilere dayal\u0131 do\u011frudan \ufb01nansman deste\u011fi \u015feklinde olmas\u0131nda yarar bulunmaktad\u0131r. Vergi indirimi, tatili ve mua\ufb01yeti gibi dolayl\u0131 destek unsurlar\u0131n, \u00f6zellikle y\u00fcksek en\ufb02asyon d\u00f6nemlerinde yat\u0131r\u0131mlar\u0131n te\u015fviklerinden beklenen etkiyi g\u00f6steremedi\u011fi ku\u015fkusuzdur\u201d dedi.<\/p>\n<p><strong>\u00c7ok say\u0131daki makine ve te\u00e7hizat i\u00e7in<\/strong><\/p>\n<p><strong>anti- damping soru\u015fturma a\u00e7\u0131lmas\u0131 talebi<\/strong><\/p>\n<p>Orta vadeli di\u011fer bir beklentilerinin makine ihracat\u0131n\u0131n OVP\u2019de \u00f6ng\u00f6r\u00fcld\u00fc\u011f\u00fc \u015fekilde uluslararas\u0131 en iyi \u00f6rnekler esas al\u0131narak al\u0131c\u0131 kredi programlar\u0131 ile desteklenmesi oldu\u011funu belirten Gencer, haks\u0131z rekabet ve korunma \u00f6nlemlerinin \u00fczerinde yo\u011funla\u015f\u0131lmas\u0131 gereken di\u011fer bir temel alan oldu\u011funa dikkat \u00e7ekti.<\/p>\n<p>Gencer, \u00f6n\u00fcm\u00fczdeki g\u00fcnlerde \u00fcyelerden gelen talepler do\u011frultusunda, \u00e7ok say\u0131daki makine ve te\u00e7hizat i\u00e7in anti- damping soru\u015fturma a\u00e7\u0131lmas\u0131 talebinde bulunacaklar\u0131n\u0131 da s\u00f6yledi.<\/p>\n<p><strong>Nitelikli b\u00fcy\u00fcmenin olmazsa olmaz\u0131 \ufb01yat istikrar\u0131d\u0131r<\/strong><\/p>\n<p>Sekt\u00f6rde nitelikli \u00e7al\u0131\u015fana eri\u015fim s\u0131k\u0131nt\u0131s\u0131n\u0131n giderek artt\u0131\u011f\u0131n\u0131 dile getiren Gencer, OVP kapsam\u0131ndaki nitelikli i\u015fg\u00fcc\u00fc yeti\u015ftirmek amac\u0131yla d\u00fczenlenecek programlar i\u00e7in belirlenen sekt\u00f6rler aras\u0131na makine \u00fcretiminin de dahil edilmesi gerekti\u011fini kaydetti.<\/p>\n<p>Gencer, \u201cNitelikli b\u00fcy\u00fcmenin olmazsa olmaz\u0131 \ufb01yat istikrar\u0131d\u0131r; \ufb01nansal istikrard\u0131r. Yeni ekonomik program\u0131n, sab\u0131r ve kararl\u0131l\u0131kla uygulanmas\u0131 halinde bu konuda belirli bir s\u00fcre sonra ba\u015far\u0131ya ula\u015faca\u011f\u0131m\u0131za inan\u0131yorum. \u015eunu da biliyoruz ki, verimlilik art\u0131\u015f\u0131 sa\u011flanmadan, katma de\u011feri y\u00fckseltmeden, y\u00fcksek teknolojili alanlara y\u00f6nelip rekabet\u00e7ili\u011fi art\u0131rmadan d\u0131\u015f pazarlarda da nitelikli b\u00fcy\u00fcmeyi sa\u011flayamay\u0131z. Bu nedenle esas olan, bu zor d\u00f6nemde program\u0131n \u00fcretim aya\u011f\u0131nda ba\u015far\u0131ya ula\u015fmakt\u0131r, teknolojik ve stratejik sanayi yat\u0131r\u0131mlar\u0131n\u0131 kaynak tahsisinde \u00f6nceliklendirerek s\u00fcratle ger\u00e7ekle\u015ftirmektir\u201d dedi.<\/p>\n<p>Gencer, en b\u00fcy\u00fck hedeflerinin M\u0130B \u00f6nderli\u011finde k\u00fcresel \u00f6l\u00e7ekte en \u00e7ok tan\u0131nan makine fuarlar\u0131 aras\u0131nda \u00f6n plana \u00e7\u0131kan bir T\u00fcrk makine ihtisas fuar\u0131 markas\u0131 olu\u015fturmak oldu\u011funu da s\u00f6zlerine ekledi.<\/p>\n<p>&nbsp;<\/p>\n\n\t\t<style type=\"text\/css\">\n\t\t\t#gallery-1 {\n\t\t\t\tmargin: auto;\n\t\t\t}\n\t\t\t#gallery-1 .gallery-item {\n\t\t\t\tfloat: left;\n\t\t\t\tmargin-top: 10px;\n\t\t\t\ttext-align: center;\n\t\t\t\twidth: 33%;\n\t\t\t}\n\t\t\t#gallery-1 img {\n\t\t\t\tborder: 2px solid #cfcfcf;\n\t\t\t}\n\t\t\t#gallery-1 .gallery-caption {\n\t\t\t\tmargin-left: 0;\n\t\t\t}\n\t\t\t\/* see gallery_shortcode() in wp-includes\/media.php *\/\n\t\t<\/style>\n\t\t<div id='gallery-1' class='gallery galleryid-4777 gallery-columns-3 gallery-size-thumbnail'><dl class='gallery-item'>\n\t\t\t<dt class='gallery-icon landscape'>\n\t\t\t\t<a href='http:\/\/www.prwestglobal.com\/index.php\/2024\/03\/22\/mib-baskani-emre-gencer-reform-alanlarinda-daha-hizli-hareket-etmeliyiz\/1-105\/'><img loading=\"lazy\" decoding=\"async\" width=\"150\" height=\"150\" src=\"http:\/\/www.prwestglobal.com\/wp-content\/uploads\/2024\/03\/1-2-150x150.jpg\" class=\"attachment-thumbnail size-thumbnail\"  alt=\"M\u0130B Ba\u015fkan\u0131 Emre Gencer: Reform alanlar\u0131nda daha h\u0131zl\u0131 hareket etmeliyiz\"  srcset=\"http:\/\/www.prwestglobal.com\/wp-content\/uploads\/2024\/03\/1-2-150x150.jpg 150w, http:\/\/www.prwestglobal.com\/wp-content\/uploads\/2024\/03\/1-2-140x140.jpg 140w, http:\/\/www.prwestglobal.com\/wp-content\/uploads\/2024\/03\/1-2-100x100.jpg 100w, http:\/\/www.prwestglobal.com\/wp-content\/uploads\/2024\/03\/1-2-500x500.jpg 500w, http:\/\/www.prwestglobal.com\/wp-content\/uploads\/2024\/03\/1-2-350x350.jpg 350w, http:\/\/www.prwestglobal.com\/wp-content\/uploads\/2024\/03\/1-2-1000x1000.jpg 1000w, http:\/\/www.prwestglobal.com\/wp-content\/uploads\/2024\/03\/1-2-800x800.jpg 800w\" sizes=\"auto, (max-width: 150px) 100vw, 150px\" \/><\/a>\n\t\t\t<\/dt><\/dl><dl class='gallery-item'>\n\t\t\t<dt class='gallery-icon landscape'>\n\t\t\t\t<a href='http:\/\/www.prwestglobal.com\/index.php\/2024\/03\/22\/mib-baskani-emre-gencer-reform-alanlarinda-daha-hizli-hareket-etmeliyiz\/emre-gencer-2\/'><img loading=\"lazy\" decoding=\"async\" width=\"150\" height=\"150\" src=\"http:\/\/www.prwestglobal.com\/wp-content\/uploads\/2024\/03\/Emre-Gencer-150x150.jpg\" class=\"attachment-thumbnail size-thumbnail\"  alt=\"M\u0130B Ba\u015fkan\u0131 Emre Gencer: Reform alanlar\u0131nda daha h\u0131zl\u0131 hareket etmeliyiz\"  srcset=\"http:\/\/www.prwestglobal.com\/wp-content\/uploads\/2024\/03\/Emre-Gencer-150x150.jpg 150w, http:\/\/www.prwestglobal.com\/wp-content\/uploads\/2024\/03\/Emre-Gencer-140x140.jpg 140w, http:\/\/www.prwestglobal.com\/wp-content\/uploads\/2024\/03\/Emre-Gencer-100x100.jpg 100w, http:\/\/www.prwestglobal.com\/wp-content\/uploads\/2024\/03\/Emre-Gencer-500x500.jpg 500w, http:\/\/www.prwestglobal.com\/wp-content\/uploads\/2024\/03\/Emre-Gencer-350x350.jpg 350w, http:\/\/www.prwestglobal.com\/wp-content\/uploads\/2024\/03\/Emre-Gencer-1000x1000.jpg 1000w, http:\/\/www.prwestglobal.com\/wp-content\/uploads\/2024\/03\/Emre-Gencer-800x800.jpg 800w\" sizes=\"auto, (max-width: 150px) 100vw, 150px\" \/><\/a>\n\t\t\t<\/dt><\/dl>\n\t\t\t<br style='clear: both' \/>\n\t\t<\/div>\n\n<p>&nbsp;<\/p>\n","protected":false},"excerpt":{"rendered":"<p>Makina \u0130malat\u00e7\u0131lar\u0131 Birli\u011fi\u2019nin (M\u0130B) geleneksel iftar yeme\u011finde konu\u015fan M\u0130B Ba\u015fkan\u0131 S. Emre Gencer, sekt\u00f6r\u00fcn beklentilerine ili\u015fkin \u00f6nemli a\u00e7\u0131klamalarda bulundu. Makina sekt\u00f6r\u00fcnde d\u00fcnya ticaretinden al\u0131nan pay\u0131n, \u00e7ok daha yukar\u0131lara ula\u015fma potansiyeli&#8230;<\/p>\n","protected":false},"author":1,"featured_media":4779,"comment_status":"closed","ping_status":"closed","sticky":false,"template":"","format":"standard","meta":{"footnotes":""},"categories":[8],"tags":[],"class_list":{"0":"post-4777","1":"post","2":"type-post","3":"status-publish","4":"format-standard","5":"has-post-thumbnail","7":"category-basin"},"jetpack_featured_media_url":"http:\/\/www.prwestglobal.com\/wp-content\/uploads\/2024\/03\/Emre-Gencer.jpg","_links":{"self":[{"href":"http:\/\/www.prwestglobal.com\/index.php\/wp-json\/wp\/v2\/posts\/4777","targetHints":{"allow":["GET"]}}],"collection":[{"href":"http:\/\/www.prwestglobal.com\/index.php\/wp-json\/wp\/v2\/posts"}],"about":[{"href":"http:\/\/www.prwestglobal.com\/index.php\/wp-json\/wp\/v2\/types\/post"}],"author":[{"embeddable":true,"href":"http:\/\/www.prwestglobal.com\/index.php\/wp-json\/wp\/v2\/users\/1"}],"replies":[{"embeddable":true,"href":"http:\/\/www.prwestglobal.com\/index.php\/wp-json\/wp\/v2\/comments?post=4777"}],"version-history":[{"count":1,"href":"http:\/\/www.prwestglobal.com\/index.php\/wp-json\/wp\/v2\/posts\/4777\/revisions"}],"predecessor-version":[{"id":4780,"href":"http:\/\/www.prwestglobal.com\/index.php\/wp-json\/wp\/v2\/posts\/4777\/revisions\/4780"}],"wp:featuredmedia":[{"embeddable":true,"href":"http:\/\/www.prwestglobal.com\/index.php\/wp-json\/wp\/v2\/media\/4779"}],"wp:attachment":[{"href":"http:\/\/www.prwestglobal.com\/index.php\/wp-json\/wp\/v2\/media?parent=4777"}],"wp:term":[{"taxonomy":"category","embeddable":true,"href":"http:\/\/www.prwestglobal.com\/index.php\/wp-json\/wp\/v2\/categories?post=4777"},{"taxonomy":"post_tag","embeddable":true,"href":"http:\/\/www.prwestglobal.com\/index.php\/wp-json\/wp\/v2\/tags?post=4777"}],"curies":[{"name":"wp","href":"https:\/\/api.w.org\/{rel}","templated":true}]}}