{"id":5077,"date":"2024-09-18T12:24:19","date_gmt":"2024-09-18T12:24:19","guid":{"rendered":"http:\/\/www.prwestglobal.com\/?p=5077"},"modified":"2024-09-18T12:24:19","modified_gmt":"2024-09-18T12:24:19","slug":"mibden-sanayi-genel-muduru-prof-dr-ilker-murat-ar-ile-istisare-toplantisi","status":"publish","type":"post","link":"http:\/\/www.prwestglobal.com\/index.php\/2024\/09\/18\/mibden-sanayi-genel-muduru-prof-dr-ilker-murat-ar-ile-istisare-toplantisi\/","title":{"rendered":"M\u0130B\u2019den Sanayi Genel M\u00fcd\u00fcr\u00fc Prof. Dr. \u0130lker Murat Ar ile \u0130sti\u015fare Toplant\u0131s\u0131"},"content":{"rendered":"<ul>\n<li><strong>Makina \u0130malat\u00e7\u0131lar\u0131 Birli\u011fi (M\u0130B) \u00fcyesi makineciler, \u0130stanbul\u2019da d\u00fczenlenen \u0130sti\u015fare Toplant\u0131s\u0131\u2019nda, Sanayi Genel M\u00fcd\u00fcr\u00fc Prof. Dr. \u0130lker Murat Ar ile bir araya geldi. D\u00fczenlenen toplant\u0131da M\u0130B \u00fcyeleri, sekt\u00f6r\u00fcn sorunlar\u0131n\u0131 ve \u00e7\u00f6z\u00fcm \u00f6nerilerini aktarma imk\u00e2n\u0131 buldu.<\/strong><\/li>\n<\/ul>\n<p>&nbsp;<\/p>\n<p>1990 y\u0131l\u0131ndan beri t\u00fcm makine sekt\u00f6r\u00fcnde yerli makine \u00fcreticilerinin \u00e7\u0131karlar\u0131n\u0131 g\u00f6zetmek ve yerli makine \u00fcretimini desteklemek amac\u0131yla faaliyetlerini s\u00fcrd\u00fcren Makina \u0130malat\u00e7\u0131lar\u0131 Birli\u011fi (M\u0130B), makine imalat sekt\u00f6r\u00fcn\u00fcn geli\u015fimi ve global rekabet\u00e7ili\u011finin art\u0131r\u0131lmas\u0131 ad\u0131na sorumluluk almaya devam ediyor.<\/p>\n<p>&nbsp;<\/p>\n<p>Sanayi Genel M\u00fcd\u00fcr\u00fc Prof. Dr. \u0130lker Murat Ar ve M\u0130B \u00fcyelerinin kat\u0131l\u0131m\u0131 ile \u0130stanbul\u2019da d\u00fczenlenen \u0130sti\u015fare Toplant\u0131s\u0131 kapsam\u0131nda, sekt\u00f6r\u00fcn sorunlar\u0131 ve \u00e7\u00f6z\u00fcm \u00f6nerileri payla\u015f\u0131ld\u0131.<\/p>\n<p>&nbsp;<\/p>\n<p><strong>\u201cSat\u0131\u015flar a\u00e7\u0131s\u0131ndan zorlu bir y\u0131l oluyor\u201d<\/strong><\/p>\n<p>&nbsp;<\/p>\n<p>Toplant\u0131da konu\u015fan M\u0130B Ba\u015fkan\u0131 S. Emre Gencer, \u201cYurt i\u00e7i ve yurt d\u0131\u015f\u0131 sat\u0131\u015flar\u0131m\u0131z a\u00e7\u0131s\u0131ndan zor bir y\u0131l ge\u00e7iriyoruz. Salg\u0131n d\u00f6nemi hari\u00e7 son on y\u0131lda ilk kez yurti\u00e7i makine ve te\u00e7hizat yat\u0131r\u0131mlar\u0131 \u00fc\u00e7\u00fcnc\u00fc \u00e7eyrek itibariyle y\u00fczde 5,6 gibi y\u00fcksek bir oranda darald\u0131. \u00dcyelerimizden ald\u0131\u011f\u0131m\u0131z bilgiler, bu durumun y\u0131l\u0131n geri kalan b\u00f6l\u00fcm\u00fcnde de devam edece\u011fine i\u015faret etmektedir. Ne yaz\u0131k ki benzer bir daralmay\u0131 ihracat\u0131m\u0131zda da g\u00f6zlemliyoruz. Nitekim y\u0131l\u0131n ilk 7 ay\u0131nda makine ihracat\u0131m\u0131z, dolar\/avro paritesinin ihracat\u0131m\u0131z lehine olu\u015fmas\u0131na ra\u011fmen y\u00fczde 2 gerilemi\u015ftir. Bu gerilemenin, ana pazarlar\u0131m\u0131z AB ve \u0130ngiltere\u2019de ya\u015fanmakta olan ekonomik durgunluk nedeniyle bu y\u0131l\u0131n geri kalan b\u00f6l\u00fcm\u00fcnde de s\u00fcrmesi muhtemeldir. \u0130\u00e7 ve d\u0131\u015f pazarlar\u0131m\u0131zda ya\u015fanan daralman\u0131n gelecek y\u0131l\u0131n ilk yar\u0131s\u0131na kadar devam etme olas\u0131l\u0131\u011f\u0131 olduk\u00e7a y\u00fcksektir. Bu sorunlu d\u00f6nemi, yerli makine imalat\u00e7\u0131lar\u0131 olarak m\u00fcmk\u00fcn olan en az hasarla kapatmaya \u00e7aba g\u00f6steriyoruz. Giderlerimizi olabildi\u011fince k\u0131s\u0131yoruz; kritik yat\u0131r\u0131mlar\u0131m\u0131z\u0131 dahi devam ettirmekte zorlan\u0131yoruz. Uzak Do\u011fu ve eski Do\u011fu Avrupa \u00fclkeleriyle ana pazarlar\u0131m\u0131zda rekabette ayakta kalmak i\u00e7in yat\u0131r\u0131mlar\u0131m\u0131z\u0131 s\u00fcrd\u00fcrmek mecburiyetindeyiz. Bunu ba\u015farabilmemiz i\u00e7in de her zamankinden daha fazla kamu deste\u011fine ihtiyac\u0131m\u0131z var. Halihaz\u0131rdaki kredi maliyetleri ile yeni yat\u0131r\u0131m yapmam\u0131z\u0131n m\u00fcmk\u00fcn olmad\u0131\u011f\u0131n\u0131 s\u00f6yleyebiliriz\u201d dedi.<\/p>\n<p>&nbsp;<\/p>\n<p><strong>\u201cUluslararas\u0131 d\u00fczeyde rekabet\u00e7i imalat\u00e7\u0131 firmalar\u0131m\u0131z\u0131n ge\u00e7ici likidite sorunlar\u0131 ya\u015fayabilir\u201d<\/strong><\/p>\n<p>&nbsp;<\/p>\n<p>\u201cBu d\u00f6nemdeki yat\u0131r\u0131mlar\u0131m\u0131z\u0131n finansman\u0131nda yararlanabilece\u011fimiz belki de tek destek unsuru olan YTAK program\u0131ndan yararlanamad\u0131\u011f\u0131m\u0131z\u0131 Birli\u011fimize intikal eden bilgilerden anl\u0131yoruz\u201d diyen S. Emre Gencer, \u201cHAMLE program\u0131 kapsam\u0131nda onaylanan, yat\u0131r\u0131m tutar\u0131 1 milyar T\u00fcrk liras\u0131 \u00fczerinde toplam \u00fc\u00e7 makine yat\u0131r\u0131m projesine s\u00fcratle YTAK kayna\u011f\u0131 tahsis edilmesi suretiyle bu konuda ilk ad\u0131mlar at\u0131lmal\u0131d\u0131r. HAMLE Program\u0131 kapsam\u0131nda bug\u00fcne kadar 18 makine yat\u0131r\u0131m projesine onay verilmi\u015ftir. Bu projelerden sadece 3 tanesi 1 milyar T\u00fcrk liras\u0131 \u00fczerinde yat\u0131r\u0131m de\u011ferine sahiptir. Geriye kalan 15 projenin, b\u00fcy\u00fck \u00e7o\u011funlu\u011fu ise toplam yat\u0131r\u0131m tutar\u0131 500 milyon T\u00fcrk liras\u0131n\u0131n alt\u0131nda kalan yat\u0131r\u0131mlardan olu\u015fmaktad\u0131r. Bilindi\u011fi \u00fczere, yeni Orta Vadeli Program\u0131nda YTAK program\u0131n\u0131n daha etkin uygulanaca\u011f\u0131 belirtilmektedir. Bu kapsamda yap\u0131lacak \u00e7al\u0131\u015fmalarda, HAMLE Program\u0131 kapsam\u0131nda onaylanan s\u00f6z\u00fcn\u00fc etti\u011fim 15 makine projesine kaynak sa\u011flanmas\u0131 y\u00f6n\u00fcndeki \u00f6nerimiz de\u011ferlendirmeye al\u0131nmal\u0131d\u0131r. \u00dczerinde \u00f6nemle durmam\u0131z gereken di\u011fer bir konu da istikrar program\u0131n\u0131n uyguland\u0131\u011f\u0131 bu d\u00f6nemde uluslararas\u0131 d\u00fczeyde rekabet\u00e7i imalat\u00e7\u0131 firmalar\u0131m\u0131z\u0131n ge\u00e7ici likidite sorunlar\u0131 ya\u015fayabilecekleri ger\u00e7e\u011fidir. OVP\u2019nin ilerleyen d\u00f6nemlerinde imalat sanayi firmalar\u0131na y\u00f6nelik bir kredi garanti program\u0131 ihdas edilmesinin gerekebilece\u011fini d\u00fc\u015f\u00fcn\u00fcyoruz. Bir di\u011fer \u00f6nemli konu da Eximbank kredileridir. Memnuniyetle ifade etmek isterim ki, reeskont kredileri ile ilgili olarak son bir y\u0131lda \u00f6nemli ad\u0131mlar at\u0131lm\u0131\u015ft\u0131r. Ancak OVP\u2019de de yer alan, makine ihracat\u0131m\u0131z\u0131n Bat\u0131l\u0131 ihracat kredi kurulu\u015flar\u0131 ile rekabet edebilecek nitelikte kredi programlar\u0131 ile desteklenmesi konusunda bug\u00fcne kadar kayda de\u011fer bir geli\u015fme olmad\u0131\u011f\u0131n\u0131 da belirtmeliyim\u201d diye konu\u015ftu.<\/p>\n<p>&nbsp;<\/p>\n<p><strong>\u201cYerli mal\u0131 tebli\u011fi bir an \u00f6nce devreye girmeli\u201d<\/strong><\/p>\n<p>&nbsp;<\/p>\n<p>Yerli Mal\u0131 belgeleri ile ilgili ya\u015fanan sorunlara da dikkat \u00e7eken Gencer, \u201cTespitimiz, maalesef ithal oldu\u011fu bilinen makine ve tesislerin de fiili uygulamada s\u0131kl\u0131kla bu mevzuat kapsam\u0131ndaki indirimlerden yararlanabildikleri ger\u00e7e\u011fidir. Konu ile ilgili ihtilaflarda mahkemeler, \u015fik\u00e2yete konu \u00fcr\u00fcn i\u00e7in Ticaret ve Sanayi Odalar\u0131nca d\u00fczenlenen Yerli Mal\u0131 belgelerine dayanarak karar vermektedir. \u015eikayete konu belgelerinin kamu otoritesi taraf\u0131ndan incelenmesi y\u00f6n\u00fcndeki talepleri ise ayn\u0131 mahkemeler mevzuat\u0131n \u00f6ng\u00f6rmedi\u011fi gerek\u00e7esiyle reddetmektedirler. Sanayi ve Teknoloji Bakanl\u0131\u011f\u0131m\u0131z\u0131n bu sorunun \u00e7\u00f6z\u00fcm i\u00e7in yo\u011fun \u00e7aba g\u00f6sterdi\u011fini biliyoruz. Nitekim Bakanl\u0131\u011f\u0131m\u0131z, bu konudaki sorun ve aksakl\u0131klar\u0131 giderece\u011fini de\u011ferlendirdi\u011fimiz yeni Yerli Mal\u0131 Tebli\u011f tasla\u011f\u0131n\u0131 haz\u0131rlayarak STK g\u00f6r\u00fc\u015flerini de alm\u0131\u015ft\u0131r. M\u0130B olarak beklentimiz s\u00f6z konusu tebli\u011fin bir an \u00f6nce y\u00fcr\u00fcrl\u00fc\u011fe girmesidir. Yerli makine imalat\u00e7\u0131lar\u0131 olarak bu konudaki \u2018olmaz ise olmaz\u0131m\u0131z\u2019; Bakanl\u0131\u011f\u0131n Yerli Mal\u0131 Belgelerini resen veya \u015fik\u00e2yet \u00fczerine inceleme yapmaya, \u00fcretim yeri dahil, yetkili olmas\u0131d\u0131r\u201d ifadelerini kulland\u0131.<\/p>\n<p>&nbsp;<\/p>\n<p>&nbsp;<\/p>\n<p>&nbsp;<\/p>\n<p>&nbsp;<\/p>\n<p><strong>\u201cRusya\u2019ya ihracat durma noktas\u0131na geldi\u201d<\/strong><\/p>\n<p><strong>\u00a0<\/strong><\/p>\n<p>Rusya&#8217;ya y\u00f6nelik makine ihracat\u0131nda, bu y\u0131l\u0131n ba\u015f\u0131ndan itibaren kar\u015f\u0131la\u015f\u0131lmaya ba\u015flanan sorunlara da dikkat \u00e7eken Gencer, \u201cGe\u00e7ti\u011fimiz y\u0131l itibariyle Rusya en \u00e7ok makine ihracat\u0131 yapt\u0131\u011f\u0131m\u0131z ikinci \u00fclke konumuna y\u00fckselmi\u015fti. Ne yaz\u0131k ki, bu olumlu geli\u015fmeyi 2024 y\u0131l\u0131 ilk yar\u0131s\u0131nda s\u00fcrd\u00fcremedik ve bu \u00fclkeye y\u00f6nelik makine ihracat\u0131m\u0131z y\u00fczde 20 azald\u0131. Bu y\u0131l\u0131n sonu itibariyle de ihracat kay\u0131plar\u0131m\u0131z\u0131n y\u00fczde otuzu a\u015fmas\u0131 s\u00fcrpriz olmayacakt\u0131r. Bu olumsuz geli\u015fmenin temel nedeni, Bat\u0131l\u0131 \u00fclkelerin Rusya\u2019ya y\u00f6nelik uygulad\u0131klar\u0131 giderek sertle\u015fen yapt\u0131r\u0131mlar\u0131, bu d\u00f6nemde \u00fclke olarak y\u00f6netmede ba\u015far\u0131l\u0131 olamamam\u0131zd\u0131r. ABD kurulu\u015flar\u0131n\u0131n, Rusya ile i\u015f yapan firmalar\u0131m\u0131z ve bankalar\u0131m\u0131z \u00fczerinde kurduklar\u0131 a\u011f\u0131r bask\u0131lar sonucu, giderek artan say\u0131daki firmam\u0131z bu \u00fclke ile ticaret yapamaz hale gelmi\u015ftir. Son olarak 19 sekt\u00f6r firmam\u0131z SDN listesine dahil edilmi\u015ftir. SDN listesine giren firmalar bankac\u0131l\u0131k sistemi i\u00e7erisinde herhangi bir finansal i\u015flem yapamamaktad\u0131r. Daha da vahimi, liste kapsam\u0131ndaki firmalar\u0131n Bat\u0131l\u0131 tedarik\u00e7i ya da al\u0131c\u0131lar ile ticari faaliyetlerini durdurmak zorunda kalmalar\u0131d\u0131r. Bu konuda acil \u00f6nlemler al\u0131nmas\u0131 gerekti\u011fini her vesileyle g\u00fcndeme getiriyoruz. \u00dclkemizin, savunma sanayi \u00fcr\u00fcnleri hari\u00e7 Rusya\u2019ya ihracat\u0131n\u0131 uluslararas\u0131 y\u00fck\u00fcml\u00fcl\u00fcklerimiz \u00e7er\u00e7evesinde sorunsuz yapabilmesinin ko\u015fullar\u0131n\u0131n olu\u015fturulmas\u0131n\u0131 bekliyoruz. Aksi takdirde, makine sekt\u00f6r\u00fcnde ihracat\u0131m\u0131z\u0131n durma noktas\u0131na gelece\u011fini ve Rusya pazar\u0131nda firmalar\u0131m\u0131z\u0131n b\u0131rakaca\u011f\u0131 bo\u015flu\u011fun Uzak Do\u011fu \u00dclkeleri firmalar taraf\u0131ndan doldurulaca\u011f\u0131n\u0131 s\u00f6yl\u00fcyoruz\u201d \u015feklinde konu\u015ftu.<\/p>\n<p><strong>\u00a0<\/strong><\/p>\n<p><strong>Makine sekt\u00f6r\u00fc bizim i\u00e7in \u00e7ok kritik<\/strong><\/p>\n<p><strong>\u00a0<\/strong><\/p>\n<p>Toplant\u0131da konu\u015fan Sanayi Genel M\u00fcd\u00fcr\u00fc Prof. Dr. \u0130lker Murat Ar ise \u201cMakine sekt\u00f6r\u00fc bizim i\u00e7in \u00e7ok \u00f6nemli ve kritik bir sekt\u00f6r. Burada \u00e7ok h\u0131zl\u0131 ilerlememiz laz\u0131m. Bu konuda hep birlikte ad\u0131m ad\u0131m yol haritam\u0131z\u0131 olu\u015fturarak, g\u00fczel \u00e7al\u0131\u015fmalara imza ataca\u011f\u0131m\u0131za inan\u0131yorum\u201d ifadelerine yer verdi.<\/p>\n<p>&nbsp;<\/p>\n<p>Toplant\u0131n\u0131n ard\u0131ndan, ortak \u00e7al\u0131\u015fma grubunun kurulmas\u0131 y\u00f6n\u00fcnde ad\u0131mlar at\u0131ld\u0131.<\/p>\n\n\t\t<style type=\"text\/css\">\n\t\t\t#gallery-1 {\n\t\t\t\tmargin: auto;\n\t\t\t}\n\t\t\t#gallery-1 .gallery-item {\n\t\t\t\tfloat: left;\n\t\t\t\tmargin-top: 10px;\n\t\t\t\ttext-align: center;\n\t\t\t\twidth: 33%;\n\t\t\t}\n\t\t\t#gallery-1 img {\n\t\t\t\tborder: 2px solid #cfcfcf;\n\t\t\t}\n\t\t\t#gallery-1 .gallery-caption {\n\t\t\t\tmargin-left: 0;\n\t\t\t}\n\t\t\t\/* see gallery_shortcode() in wp-includes\/media.php *\/\n\t\t<\/style>\n\t\t<div id='gallery-1' class='gallery galleryid-5077 gallery-columns-3 gallery-size-thumbnail'><dl class='gallery-item'>\n\t\t\t<dt class='gallery-icon landscape'>\n\t\t\t\t<a href='http:\/\/www.prwestglobal.com\/wp-content\/uploads\/2024\/09\/Gorsel-1.jpg'><img loading=\"lazy\" decoding=\"async\" width=\"150\" height=\"150\" src=\"http:\/\/www.prwestglobal.com\/wp-content\/uploads\/2024\/09\/Gorsel-1-150x150.jpg\" class=\"attachment-thumbnail size-thumbnail\"  alt=\"M\u0130B\u2019den Sanayi Genel M\u00fcd\u00fcr\u00fc Prof. Dr. \u0130lker Murat Ar ile \u0130sti\u015fare Toplant\u0131s\u0131\"  srcset=\"http:\/\/www.prwestglobal.com\/wp-content\/uploads\/2024\/09\/Gorsel-1-150x150.jpg 150w, http:\/\/www.prwestglobal.com\/wp-content\/uploads\/2024\/09\/Gorsel-1-140x140.jpg 140w, http:\/\/www.prwestglobal.com\/wp-content\/uploads\/2024\/09\/Gorsel-1-100x100.jpg 100w, http:\/\/www.prwestglobal.com\/wp-content\/uploads\/2024\/09\/Gorsel-1-500x500.jpg 500w, http:\/\/www.prwestglobal.com\/wp-content\/uploads\/2024\/09\/Gorsel-1-350x350.jpg 350w, http:\/\/www.prwestglobal.com\/wp-content\/uploads\/2024\/09\/Gorsel-1-1000x1000.jpg 1000w, http:\/\/www.prwestglobal.com\/wp-content\/uploads\/2024\/09\/Gorsel-1-800x800.jpg 800w\" sizes=\"auto, (max-width: 150px) 100vw, 150px\" \/><\/a>\n\t\t\t<\/dt><\/dl><dl class='gallery-item'>\n\t\t\t<dt class='gallery-icon landscape'>\n\t\t\t\t<a href='http:\/\/www.prwestglobal.com\/wp-content\/uploads\/2024\/09\/Gorsel-1-1.jpg'><img loading=\"lazy\" decoding=\"async\" width=\"150\" height=\"150\" src=\"http:\/\/www.prwestglobal.com\/wp-content\/uploads\/2024\/09\/Gorsel-1-1-150x150.jpg\" class=\"attachment-thumbnail size-thumbnail\"  alt=\"M\u0130B\u2019den Sanayi Genel M\u00fcd\u00fcr\u00fc Prof. Dr. \u0130lker Murat Ar ile \u0130sti\u015fare Toplant\u0131s\u0131\"  srcset=\"http:\/\/www.prwestglobal.com\/wp-content\/uploads\/2024\/09\/Gorsel-1-1-150x150.jpg 150w, http:\/\/www.prwestglobal.com\/wp-content\/uploads\/2024\/09\/Gorsel-1-1-140x140.jpg 140w, http:\/\/www.prwestglobal.com\/wp-content\/uploads\/2024\/09\/Gorsel-1-1-100x100.jpg 100w, http:\/\/www.prwestglobal.com\/wp-content\/uploads\/2024\/09\/Gorsel-1-1-500x500.jpg 500w, http:\/\/www.prwestglobal.com\/wp-content\/uploads\/2024\/09\/Gorsel-1-1-350x350.jpg 350w, http:\/\/www.prwestglobal.com\/wp-content\/uploads\/2024\/09\/Gorsel-1-1-800x800.jpg 800w\" sizes=\"auto, (max-width: 150px) 100vw, 150px\" \/><\/a>\n\t\t\t<\/dt><\/dl><dl class='gallery-item'>\n\t\t\t<dt class='gallery-icon landscape'>\n\t\t\t\t<a href='http:\/\/www.prwestglobal.com\/wp-content\/uploads\/2024\/09\/Gorsel-2.jpg'><img loading=\"lazy\" decoding=\"async\" width=\"150\" height=\"150\" src=\"http:\/\/www.prwestglobal.com\/wp-content\/uploads\/2024\/09\/Gorsel-2-150x150.jpg\" class=\"attachment-thumbnail size-thumbnail\"  alt=\"M\u0130B\u2019den Sanayi Genel M\u00fcd\u00fcr\u00fc Prof. Dr. \u0130lker Murat Ar ile \u0130sti\u015fare Toplant\u0131s\u0131\"  srcset=\"http:\/\/www.prwestglobal.com\/wp-content\/uploads\/2024\/09\/Gorsel-2-150x150.jpg 150w, http:\/\/www.prwestglobal.com\/wp-content\/uploads\/2024\/09\/Gorsel-2-140x140.jpg 140w, http:\/\/www.prwestglobal.com\/wp-content\/uploads\/2024\/09\/Gorsel-2-100x100.jpg 100w, http:\/\/www.prwestglobal.com\/wp-content\/uploads\/2024\/09\/Gorsel-2-500x500.jpg 500w, http:\/\/www.prwestglobal.com\/wp-content\/uploads\/2024\/09\/Gorsel-2-350x350.jpg 350w, http:\/\/www.prwestglobal.com\/wp-content\/uploads\/2024\/09\/Gorsel-2-800x800.jpg 800w\" sizes=\"auto, (max-width: 150px) 100vw, 150px\" \/><\/a>\n\t\t\t<\/dt><\/dl><br style=\"clear: both\" \/><dl class='gallery-item'>\n\t\t\t<dt class='gallery-icon landscape'>\n\t\t\t\t<a href='http:\/\/www.prwestglobal.com\/wp-content\/uploads\/2024\/09\/Gorsel-3.jpg'><img loading=\"lazy\" decoding=\"async\" width=\"150\" height=\"150\" src=\"http:\/\/www.prwestglobal.com\/wp-content\/uploads\/2024\/09\/Gorsel-3-150x150.jpg\" class=\"attachment-thumbnail size-thumbnail\"  alt=\"M\u0130B\u2019den Sanayi Genel M\u00fcd\u00fcr\u00fc Prof. Dr. \u0130lker Murat Ar ile \u0130sti\u015fare Toplant\u0131s\u0131\"  srcset=\"http:\/\/www.prwestglobal.com\/wp-content\/uploads\/2024\/09\/Gorsel-3-150x150.jpg 150w, http:\/\/www.prwestglobal.com\/wp-content\/uploads\/2024\/09\/Gorsel-3-140x140.jpg 140w, http:\/\/www.prwestglobal.com\/wp-content\/uploads\/2024\/09\/Gorsel-3-100x100.jpg 100w, http:\/\/www.prwestglobal.com\/wp-content\/uploads\/2024\/09\/Gorsel-3-500x500.jpg 500w, http:\/\/www.prwestglobal.com\/wp-content\/uploads\/2024\/09\/Gorsel-3-350x350.jpg 350w, http:\/\/www.prwestglobal.com\/wp-content\/uploads\/2024\/09\/Gorsel-3-800x800.jpg 800w\" sizes=\"auto, (max-width: 150px) 100vw, 150px\" \/><\/a>\n\t\t\t<\/dt><\/dl><dl class='gallery-item'>\n\t\t\t<dt class='gallery-icon portrait'>\n\t\t\t\t<a href='http:\/\/www.prwestglobal.com\/wp-content\/uploads\/2024\/09\/Gorsel-4.jpg'><img loading=\"lazy\" decoding=\"async\" width=\"150\" height=\"150\" src=\"http:\/\/www.prwestglobal.com\/wp-content\/uploads\/2024\/09\/Gorsel-4-150x150.jpg\" class=\"attachment-thumbnail size-thumbnail\"  alt=\"M\u0130B\u2019den Sanayi Genel M\u00fcd\u00fcr\u00fc Prof. Dr. \u0130lker Murat Ar ile \u0130sti\u015fare Toplant\u0131s\u0131\"  srcset=\"http:\/\/www.prwestglobal.com\/wp-content\/uploads\/2024\/09\/Gorsel-4-150x150.jpg 150w, http:\/\/www.prwestglobal.com\/wp-content\/uploads\/2024\/09\/Gorsel-4-140x140.jpg 140w, http:\/\/www.prwestglobal.com\/wp-content\/uploads\/2024\/09\/Gorsel-4-100x100.jpg 100w, http:\/\/www.prwestglobal.com\/wp-content\/uploads\/2024\/09\/Gorsel-4-500x500.jpg 500w, http:\/\/www.prwestglobal.com\/wp-content\/uploads\/2024\/09\/Gorsel-4-350x350.jpg 350w, http:\/\/www.prwestglobal.com\/wp-content\/uploads\/2024\/09\/Gorsel-4-1000x1000.jpg 1000w, http:\/\/www.prwestglobal.com\/wp-content\/uploads\/2024\/09\/Gorsel-4-800x800.jpg 800w\" sizes=\"auto, (max-width: 150px) 100vw, 150px\" \/><\/a>\n\t\t\t<\/dt><\/dl><dl class='gallery-item'>\n\t\t\t<dt class='gallery-icon landscape'>\n\t\t\t\t<a href='http:\/\/www.prwestglobal.com\/wp-content\/uploads\/2024\/09\/Gorsel-5.jpg'><img loading=\"lazy\" decoding=\"async\" width=\"150\" height=\"150\" src=\"http:\/\/www.prwestglobal.com\/wp-content\/uploads\/2024\/09\/Gorsel-5-150x150.jpg\" class=\"attachment-thumbnail size-thumbnail\"  alt=\"M\u0130B\u2019den Sanayi Genel M\u00fcd\u00fcr\u00fc Prof. Dr. \u0130lker Murat Ar ile \u0130sti\u015fare Toplant\u0131s\u0131\"  srcset=\"http:\/\/www.prwestglobal.com\/wp-content\/uploads\/2024\/09\/Gorsel-5-150x150.jpg 150w, http:\/\/www.prwestglobal.com\/wp-content\/uploads\/2024\/09\/Gorsel-5-140x140.jpg 140w, http:\/\/www.prwestglobal.com\/wp-content\/uploads\/2024\/09\/Gorsel-5-100x100.jpg 100w, http:\/\/www.prwestglobal.com\/wp-content\/uploads\/2024\/09\/Gorsel-5-500x500.jpg 500w, http:\/\/www.prwestglobal.com\/wp-content\/uploads\/2024\/09\/Gorsel-5-350x350.jpg 350w, http:\/\/www.prwestglobal.com\/wp-content\/uploads\/2024\/09\/Gorsel-5-1000x1000.jpg 1000w, http:\/\/www.prwestglobal.com\/wp-content\/uploads\/2024\/09\/Gorsel-5-800x800.jpg 800w\" sizes=\"auto, (max-width: 150px) 100vw, 150px\" \/><\/a>\n\t\t\t<\/dt><\/dl><br style=\"clear: both\" \/>\n\t\t<\/div>\n\n<p>&nbsp;<\/p>\n","protected":false},"excerpt":{"rendered":"<p>Makina \u0130malat\u00e7\u0131lar\u0131 Birli\u011fi (M\u0130B) \u00fcyesi makineciler, \u0130stanbul\u2019da d\u00fczenlenen \u0130sti\u015fare Toplant\u0131s\u0131\u2019nda, Sanayi Genel M\u00fcd\u00fcr\u00fc Prof. Dr. \u0130lker Murat Ar ile bir araya geldi. D\u00fczenlenen toplant\u0131da M\u0130B \u00fcyeleri, sekt\u00f6r\u00fcn sorunlar\u0131n\u0131 ve \u00e7\u00f6z\u00fcm&#8230;<\/p>\n","protected":false},"author":1,"featured_media":5079,"comment_status":"closed","ping_status":"closed","sticky":false,"template":"","format":"standard","meta":{"footnotes":""},"categories":[8],"tags":[197,279,196],"class_list":{"0":"post-5077","1":"post","2":"type-post","3":"status-publish","4":"format-standard","5":"has-post-thumbnail","7":"category-basin","8":"tag-makina-imalatcilari-birligi","9":"tag-makine-sektoru-sorunlari","10":"tag-mib"},"jetpack_featured_media_url":"http:\/\/www.prwestglobal.com\/wp-content\/uploads\/2024\/09\/Gorsel-1-1.jpg","_links":{"self":[{"href":"http:\/\/www.prwestglobal.com\/index.php\/wp-json\/wp\/v2\/posts\/5077","targetHints":{"allow":["GET"]}}],"collection":[{"href":"http:\/\/www.prwestglobal.com\/index.php\/wp-json\/wp\/v2\/posts"}],"about":[{"href":"http:\/\/www.prwestglobal.com\/index.php\/wp-json\/wp\/v2\/types\/post"}],"author":[{"embeddable":true,"href":"http:\/\/www.prwestglobal.com\/index.php\/wp-json\/wp\/v2\/users\/1"}],"replies":[{"embeddable":true,"href":"http:\/\/www.prwestglobal.com\/index.php\/wp-json\/wp\/v2\/comments?post=5077"}],"version-history":[{"count":1,"href":"http:\/\/www.prwestglobal.com\/index.php\/wp-json\/wp\/v2\/posts\/5077\/revisions"}],"predecessor-version":[{"id":5084,"href":"http:\/\/www.prwestglobal.com\/index.php\/wp-json\/wp\/v2\/posts\/5077\/revisions\/5084"}],"wp:featuredmedia":[{"embeddable":true,"href":"http:\/\/www.prwestglobal.com\/index.php\/wp-json\/wp\/v2\/media\/5079"}],"wp:attachment":[{"href":"http:\/\/www.prwestglobal.com\/index.php\/wp-json\/wp\/v2\/media?parent=5077"}],"wp:term":[{"taxonomy":"category","embeddable":true,"href":"http:\/\/www.prwestglobal.com\/index.php\/wp-json\/wp\/v2\/categories?post=5077"},{"taxonomy":"post_tag","embeddable":true,"href":"http:\/\/www.prwestglobal.com\/index.php\/wp-json\/wp\/v2\/tags?post=5077"}],"curies":[{"name":"wp","href":"https:\/\/api.w.org\/{rel}","templated":true}]}}