{"id":5129,"date":"2024-10-23T08:04:29","date_gmt":"2024-10-23T08:04:29","guid":{"rendered":"http:\/\/www.prwestglobal.com\/?p=5129"},"modified":"2024-10-23T08:04:29","modified_gmt":"2024-10-23T08:04:29","slug":"gunes-ve-hidrojenin-guc-birligi-gelecegin-surdurulebilir-enerjisi-olacak","status":"publish","type":"post","link":"http:\/\/www.prwestglobal.com\/index.php\/2024\/10\/23\/gunes-ve-hidrojenin-guc-birligi-gelecegin-surdurulebilir-enerjisi-olacak\/","title":{"rendered":"G\u00fcne\u015f ve hidrojenin g\u00fc\u00e7 birli\u011fi gelece\u011fin s\u00fcrd\u00fcr\u00fclebilir enerjisi olacak"},"content":{"rendered":"<p style=\"text-align: left;\"><strong>D\u00fcnya genelinde iklim krizi kendini g\u00fcn ge\u00e7tik\u00e7e daha fazla hissettirirken, yenilenebilir temiz enerji aray\u0131\u015f\u0131 da h\u0131z kazand\u0131. Bu noktada temiz ve s\u00fcrd\u00fcr\u00fclebilir enerjinin olduk\u00e7a \u00f6nemli hale geldi\u011fine dikkat \u00e7eken CW Enerji Y\u00f6netim Kurulu Ba\u015fkan\u0131 Tar\u0131k Sarvan, bu s\u00fcre\u00e7te g\u00fcne\u015f ve hidrojen enerjisinin gelece\u011fin enerji \u00e7\u00f6z\u00fcmleri olarak \u00f6ne \u00e7\u0131kt\u0131\u011f\u0131n\u0131 s\u00f6yledi.<\/strong><\/p>\n<p style=\"text-align: left;\"><strong>Antalya,<\/strong> 23.10.2024 \u2013 Yerli ve milli \u00fcr\u00fcnlerin \u00fcretildi\u011fi ve geli\u015ftirildi\u011fi T\u00fcrk enerji markas\u0131 CW Enerji\u2019nin Y\u00f6netim Kurulu Ba\u015fkan\u0131 Tar\u0131k Sarvan, d\u00fcnyada s\u00fcrd\u00fcr\u00fclebilir enerji \u00e7\u00f6z\u00fcmlerinin giderek daha fazla \u00f6nem kazanmaya ba\u015flad\u0131\u011f\u0131n\u0131 belirterek, enerjiye ula\u015fmada g\u00fcne\u015f ve ye\u015fil hidrojenin gelece\u011fin enerji kaynaklar\u0131ndan olaca\u011f\u0131na dikkat \u00e7ekti.<\/p>\n<p style=\"text-align: left;\">K\u00fcresel iklim kriziyle m\u00fccadele ve s\u00fcrd\u00fcr\u00fclebilir kalk\u0131nma hedefleri do\u011frultusunda, yenilenebilir enerji kaynaklar\u0131na olan talebin her ge\u00e7en g\u00fcn art\u0131\u011f\u0131n\u0131 ifade eden Sarvan, bu s\u00fcre\u00e7te g\u00fcne\u015f ve hidrojen enerjisi birlikteli\u011finin gelece\u011fin enerji \u00e7\u00f6z\u00fcmleri olarak \u00f6ne \u00e7\u0131kt\u0131\u011f\u0131n\u0131 s\u00f6yledi.<\/p>\n<p style=\"text-align: left;\">Yenilenebilir ve \u00e7evre dostu yap\u0131lar\u0131yla bu iki enerji kayna\u011f\u0131n\u0131n olduk\u00e7a \u00f6nemli oldu\u011funun alt\u0131n\u0131 \u00e7izen Sarvan, \u201cG\u00fcne\u015f enerjisi, d\u00fcnyan\u0131n en bol ve yenilenebilir enerji kaynaklar\u0131ndan biri. Hidrojen ise g\u00fcne\u015f enerjisine m\u00fckemmel bir tamamlay\u0131c\u0131 olarak kabul ediliyor. Enerji depolama \u00e7\u00f6z\u00fcmleri aray\u0131\u015f\u0131nda hidrojen, yenilenebilir enerji kaynaklar\u0131ndan \u00fcretilerek depolan\u0131p daha sonra gerekti\u011finde enerjiye d\u00f6n\u00fc\u015ft\u00fcr\u00fclebiliyor. G\u00fcne\u015f ve hidrojen enerjisi, gelece\u011fin enerji sistemlerinde birbirini tamamlayan iki temel unsur diyebiliriz\u201d dedi.<\/p>\n<p style=\"text-align: left;\"><strong>Hidrojen enerji pazar\u0131 son y\u0131llarda \u00f6nemli geli\u015fmeler kaydetti<\/strong><\/p>\n<p style=\"text-align: left;\">Sarvan, \u201cD\u00fcnya genelinde hidrojen enerji pazar\u0131 son y\u0131llarda \u00f6nemli geli\u015fmeler kaydetti ve b\u00fcy\u00fck yat\u0131r\u0131mlar ald\u0131. 2024 itibar\u0131yla temiz hidrojen projelerine yap\u0131lan yat\u0131r\u0131m 2020&#8217;de 10 milyar dolarken 75 milyar dolara y\u00fckselerek yedi kat artt\u0131. \u015eu anda hidrojen de\u011feri zincirinde 1.500&#8217;den fazla proje bulunuyor. Bu projeler, hidrojen \u00fcretiminden altyap\u0131 geli\u015ftirilmesine kadar farkl\u0131 alanlarda faaliyet g\u00f6steriyor\u201d diye konu\u015ftu.<\/p>\n<p style=\"text-align: left;\"><strong>\u00c7evresel sorunlara \u00e7\u00f6z\u00fcm <\/strong><\/p>\n<p style=\"text-align: left;\">Hidrojen ve g\u00fcne\u015f enerjisinin fosil yak\u0131tlar\u0131n yol a\u00e7t\u0131\u011f\u0131 \u00e7evresel sorunlara bir \u00e7\u00f6z\u00fcm olarak \u00f6ne \u00e7\u0131kt\u0131\u011f\u0131n\u0131 ifade eden Sarvan, hidrojenin yak\u0131t h\u00fccresinde yanma s\u0131ras\u0131nda yaln\u0131zca su buhar\u0131 a\u00e7\u0131\u011fa \u00e7\u0131kard\u0131\u011f\u0131n\u0131 ve buna ba\u011fl\u0131 olarak karbon emisyonlar\u0131n\u0131 s\u0131f\u0131ra indirme potansiyeli ile temiz enerji hedeflerine ula\u015fmada b\u00fcy\u00fck bir avantaj sa\u011flad\u0131\u011f\u0131n\u0131 s\u00f6yledi.<\/p>\n<p style=\"text-align: left;\">Sarvan, hidrojenin temiz enerjiye ge\u00e7i\u015fte \u00e7ok \u00f6nemli bir rol oynad\u0131\u011f\u0131n\u0131 dile getirerek, \u201cG\u00fcne\u015f, r\u00fczg\u00e2r gibi yenilenebilir enerji kaynaklar\u0131n\u0131n yan\u0131 s\u0131ra son y\u0131llarda hidrojen de en \u00e7ok konu\u015fulan ve \u00f6nemli enerji ta\u015f\u0131y\u0131c\u0131lardan biri olarak kar\u015f\u0131m\u0131za \u00e7\u0131k\u0131yor. \u0130klim krizi ile kar\u015f\u0131 kar\u015f\u0131ya oldu\u011fumuz g\u00fcn\u00fcm\u00fcz d\u00fcnyas\u0131nda; temiz, verimli ve s\u00fcrd\u00fcr\u00fclebilir enerji kaynaklar\u0131 fazlas\u0131yla kritik hale geldi. Hidrojen ve g\u00fcne\u015f de iklim krizi ile etkin bir \u015fekilde m\u00fccadele etme noktas\u0131nda \u00f6nemli bir rol \u00fcstleniyor. Yani g\u00fcne\u015f ve ye\u015fil hidrojen enerjisi temiz ve ye\u015fil enerjiye giden yolda olduk\u00e7a \u00f6nemli bir konumda yer al\u0131yor\u201d dedi.<\/p>\n<p style=\"text-align: left;\"><strong>Sarvan: \u201cYe\u015fil hidrojende k\u00fcresel liderlik zor de\u011fil\u201d<\/strong><\/p>\n<p style=\"text-align: left;\">\u00d6zellikle ye\u015fil hidrojenin di\u011fer hidrojen kaynaklar\u0131na k\u0131yasla \u00e7evresel a\u00e7\u0131dan daha s\u00fcrd\u00fcr\u00fclebilir bir se\u00e7enek oldu\u011funu dile getiren Sarvan, bu konuda AB\u2019nin ciddi yat\u0131r\u0131mlar\u0131 oldu\u011funu kaydetti.<\/p>\n<p style=\"text-align: left;\">Sarvan, T\u00fcrkiye\u2019nin bu alanda daha fazla yol almas\u0131 gerekti\u011fine dikkat \u00e7ekerek, \u201c\u00dclkemiz hidrojen konusunda \u00f6nemli potansiyele sahip. Bu potansiyelin \u00fczerine gidilmesi gerekiyor. Bu nedenle yenilenebilir enerji alt yap\u0131s\u0131n\u0131 daha fazla geli\u015ftirmeye ihtiyac\u0131m\u0131z var. Ye\u015fil hidrojen \u00fcretimi \u00f6n\u00fcm\u00fczdeki y\u0131llarda daha fazla g\u00fcndeme gelecek. Bu noktada gerek akademik kadrolar\u0131m\u0131z gerekse de bu sekt\u00f6rde faaliyet g\u00f6steren \u015firketlerimiz i\u00e7in \u00f6nemli ev \u00f6devleri var. Herkes bu alana yo\u011funla\u015fmal\u0131. Bu konuda her t\u00fcrl\u00fc akademik \u00e7al\u0131\u015fmaya destek olaca\u011f\u0131m\u0131z\u0131 da ifade etmekten ka\u00e7\u0131nm\u0131yoruz. Ye\u015fil hidrojen \u00fcretimi konusunda \u00fclkemizde b\u00fcy\u00fck bir potansiyel var. Di\u011fer yandan T\u00fcrkiye&#8217;nin Paris Anla\u015fmas\u0131&#8217;n\u0131 onaylad\u0131\u011f\u0131 dikkate al\u0131nd\u0131\u011f\u0131nda daha kararl\u0131 iklim ve enerji d\u00f6n\u00fc\u015f\u00fcm\u00fc hedeflerine ihtiyac\u0131m\u0131z oldu\u011fu bir ger\u00e7ek\u201d diye konu\u015ftu.<\/p>\n<p style=\"text-align: left;\"><strong>Yerli ve milli teknolojiler ile bayra\u011f\u0131m\u0131z\u0131 d\u00fcnyada dalgaland\u0131r\u0131yoruz<\/strong><\/p>\n<p style=\"text-align: left;\">Karbonsuz bir enerji gelece\u011fi yaratma yolunda hidrojen teknolojilerinin geli\u015ftirilmesi gerekti\u011finin alt\u0131n\u0131 \u00e7izen Sarvan, \u00f6zellikle g\u00fcne\u015f ve r\u00fczg\u00e2r gibi enerji kaynaklar\u0131ndan elde edilen enerjinin depolanmas\u0131 ve gerekti\u011finde kullan\u0131lmas\u0131na olanak tan\u0131yan ye\u015fil hidrojen enerjisinin enerji depolama \u00e7\u00f6z\u00fcmleri a\u00e7\u0131s\u0131ndan da b\u00fcy\u00fck bir f\u0131rsat sundu\u011funu s\u00f6yledi.<\/p>\n<p style=\"text-align: left;\">Sarvan, CW Enerji olarak ye\u015fil hidrojen \u00fcretimi ve depolama sistemleri \u00fczerine yak\u0131ndan ilgilendiklerini ifade ederek, \u015funlar\u0131 kaydetti: \u201cYenilenebilir enerjinin her alan\u0131nda y\u0131llard\u0131r oldu\u011fu gibi bug\u00fcn de yeni teknolojilere \u00f6nem veriyoruz. CW Enerji olarak Antalya\u2019dan t\u00fcm d\u00fcnyaya teknolojiler ihra\u00e7 ediyoruz. Gelecekte \u00f6nem kazanaca\u011f\u0131na olan inanc\u0131m\u0131z nedeniyle ye\u015fil hidrojen \u00fcretimi ve depolama sistemleri ve \u00fcretimi konusunda da aktif ve bilimsel \u00e7al\u0131\u015fmalar y\u00fcr\u00fct\u00fcyoruz. Hidrojen depolama sistemleri \u00fczerindeki \u00e7al\u0131\u015fmalar\u0131m\u0131z ile enerjiyi g\u00fcvenli ve verimli bir \u015fekilde depolayarak, kesintisiz enerji sa\u011flama gayretindeyiz. Hidrojen, temiz enerjiye ge\u00e7i\u015fte \u00e7ok \u00f6nemli bir rol oynayacak ve enerji sekt\u00f6r\u00fcnde devrim yaratma potansiyeline sahip. Gelecek g\u00fcne\u015f enerjisi ve hidrojende\u201d dedi.<\/p>\n<p style=\"text-align: left;\"><strong>Hidrojen konusu ile yak\u0131ndan ilgileniyoruz<\/strong><\/p>\n<p style=\"text-align: left;\">Bakanl\u0131\u011f\u0131n \u00e7al\u0131\u015fmalar\u0131 hakk\u0131nda da de\u011ferlendirmede bulunan Sarvan, \u201cGe\u00e7ti\u011fimiz y\u0131l\u0131n ba\u015f\u0131nda T\u00fcrkiye\u2019de de Enerji ve Tabii Kaynaklar Bakanl\u0131\u011f\u0131 \u2018T\u00fcrk Hidrojen Teknolojisi Stratejisi ve Yol Haritas\u0131\u2019n\u0131 k\u0131sa s\u00fcre \u00f6nce yay\u0131nland\u0131. Yol Haritas\u0131\u2019nda \u00e7ok \u00f6nemli vizyonlar ortaya konuldu. Bakanl\u0131\u011f\u0131m\u0131z\u0131n \u00e7al\u0131\u015fmalar\u0131n\u0131 yak\u0131ndan takip ediyoruz. Bu bilin\u00e7le CW Enerji b\u00fcnyesinde hidrojen konusu ile yak\u0131ndan ilgileniyoruz. G\u00fcnd\u00fcz g\u00fcne\u015ften alaca\u011f\u0131m\u0131z elektrikle hidrojen \u00fcretip depolay\u0131p, daha sonra ya gaz olarak ya da elektri\u011fe \u00e7evirip istenilen zamanda istenilen yerde kullan\u0131lmas\u0131 \u00fczerine neler yapabilece\u011fimizi de\u011ferlendiriyoruz\u201d diye konu\u015ftu.<\/p>\n<p style=\"text-align: left;\"><strong>\u00dclke istihdam\u0131na katk\u0131da bulunuyor<\/strong><\/p>\n<p style=\"text-align: left;\">\u201cCW Enerji olarak yakla\u015f\u0131k 1500 ki\u015filik istihdam\u0131m\u0131z ile yerel i\u015f g\u00fcc\u00fcne \u00f6nemli bir katk\u0131 sa\u011flayarak T\u00fcrkiye ekonomisinin b\u00fcy\u00fcmesine destek oluyoruz\u201d diyen Sarvan, \u015f\u00f6yle devam etti: \u201cY\u00fcksek ihracat kapasitemiz ve s\u00fcrd\u00fcr\u00fclebilir enerji projelerimizle \u00fclkemizin enerji ba\u011f\u0131ms\u0131zl\u0131\u011f\u0131na ve yenilenebilir enerji sekt\u00f6r\u00fcn\u00fcn geli\u015fimine katk\u0131da bulunuyoruz. Hayata ge\u00e7irdi\u011fimiz projelerimizle sekt\u00f6r\u00fcn geli\u015fimine \u00f6nc\u00fcl\u00fck ederken, cari a\u00e7\u0131\u011f\u0131n azalt\u0131lmas\u0131na \u00f6nemli bir destek veriyor, T\u00fcrkiye\u2019nin enerjide d\u0131\u015fa ba\u011f\u0131ml\u0131l\u0131\u011f\u0131n\u0131 azaltma hedefine de \u00f6nemli katk\u0131lar sa\u011fl\u0131yoruz. Daha s\u00fcrd\u00fcr\u00fclebilir bir d\u00fcnya ve gelecek nesillerin refah\u0131 i\u00e7in enerji yat\u0131r\u0131mlar\u0131na h\u0131z kesmeden devam ederken, \u00fclkemizin enerjideki d\u0131\u015fa ba\u011f\u0131ml\u0131l\u0131\u011f\u0131n\u0131 en az seviyeye indirmek i\u00e7in elimizden gelen gayreti g\u00f6sterece\u011fiz.\u201d<\/p>\n<p>&nbsp;<\/p>\n<p style=\"text-align: left;\"><img loading=\"lazy\" decoding=\"async\" class=\"alignnone size-medium wp-image-5130\" src=\"http:\/\/www.prwestglobal.com\/wp-content\/uploads\/2024\/10\/TARIK-SARVAN-1-300x202.jpg\"  alt=\"G\u00fcne\u015f ve hidrojenin g\u00fc\u00e7 birli\u011fi gelece\u011fin s\u00fcrd\u00fcr\u00fclebilir enerjisi olacak\"  width=\"300\" height=\"202\" srcset=\"http:\/\/www.prwestglobal.com\/wp-content\/uploads\/2024\/10\/TARIK-SARVAN-1-300x202.jpg 300w, http:\/\/www.prwestglobal.com\/wp-content\/uploads\/2024\/10\/TARIK-SARVAN-1-1024x690.jpg 1024w, http:\/\/www.prwestglobal.com\/wp-content\/uploads\/2024\/10\/TARIK-SARVAN-1-768x517.jpg 768w, http:\/\/www.prwestglobal.com\/wp-content\/uploads\/2024\/10\/TARIK-SARVAN-1-1536x1035.jpg 1536w, http:\/\/www.prwestglobal.com\/wp-content\/uploads\/2024\/10\/TARIK-SARVAN-1-600x403.jpg 600w, http:\/\/www.prwestglobal.com\/wp-content\/uploads\/2024\/10\/TARIK-SARVAN-1-900x604.jpg 900w, http:\/\/www.prwestglobal.com\/wp-content\/uploads\/2024\/10\/TARIK-SARVAN-1-400x269.jpg 400w, http:\/\/www.prwestglobal.com\/wp-content\/uploads\/2024\/10\/TARIK-SARVAN-1.jpg 1980w\" sizes=\"auto, (max-width: 300px) 100vw, 300px\" \/>cw enerji,<\/p>\n","protected":false},"excerpt":{"rendered":"<p>D\u00fcnya genelinde iklim krizi kendini g\u00fcn ge\u00e7tik\u00e7e daha fazla hissettirirken, yenilenebilir temiz enerji aray\u0131\u015f\u0131 da h\u0131z kazand\u0131. Bu noktada temiz ve s\u00fcrd\u00fcr\u00fclebilir enerjinin olduk\u00e7a \u00f6nemli hale geldi\u011fine dikkat \u00e7eken CW&#8230;<\/p>\n","protected":false},"author":1,"featured_media":5130,"comment_status":"closed","ping_status":"closed","sticky":false,"template":"","format":"standard","meta":{"footnotes":""},"categories":[8],"tags":[191,290],"class_list":{"0":"post-5129","1":"post","2":"type-post","3":"status-publish","4":"format-standard","5":"has-post-thumbnail","7":"category-basin","8":"tag-cw-enerji","9":"tag-hidrojen"},"jetpack_featured_media_url":"http:\/\/www.prwestglobal.com\/wp-content\/uploads\/2024\/10\/TARIK-SARVAN-1.jpg","_links":{"self":[{"href":"http:\/\/www.prwestglobal.com\/index.php\/wp-json\/wp\/v2\/posts\/5129","targetHints":{"allow":["GET"]}}],"collection":[{"href":"http:\/\/www.prwestglobal.com\/index.php\/wp-json\/wp\/v2\/posts"}],"about":[{"href":"http:\/\/www.prwestglobal.com\/index.php\/wp-json\/wp\/v2\/types\/post"}],"author":[{"embeddable":true,"href":"http:\/\/www.prwestglobal.com\/index.php\/wp-json\/wp\/v2\/users\/1"}],"replies":[{"embeddable":true,"href":"http:\/\/www.prwestglobal.com\/index.php\/wp-json\/wp\/v2\/comments?post=5129"}],"version-history":[{"count":1,"href":"http:\/\/www.prwestglobal.com\/index.php\/wp-json\/wp\/v2\/posts\/5129\/revisions"}],"predecessor-version":[{"id":5131,"href":"http:\/\/www.prwestglobal.com\/index.php\/wp-json\/wp\/v2\/posts\/5129\/revisions\/5131"}],"wp:featuredmedia":[{"embeddable":true,"href":"http:\/\/www.prwestglobal.com\/index.php\/wp-json\/wp\/v2\/media\/5130"}],"wp:attachment":[{"href":"http:\/\/www.prwestglobal.com\/index.php\/wp-json\/wp\/v2\/media?parent=5129"}],"wp:term":[{"taxonomy":"category","embeddable":true,"href":"http:\/\/www.prwestglobal.com\/index.php\/wp-json\/wp\/v2\/categories?post=5129"},{"taxonomy":"post_tag","embeddable":true,"href":"http:\/\/www.prwestglobal.com\/index.php\/wp-json\/wp\/v2\/tags?post=5129"}],"curies":[{"name":"wp","href":"https:\/\/api.w.org\/{rel}","templated":true}]}}