{"id":5132,"date":"2024-11-04T10:41:35","date_gmt":"2024-11-04T10:41:35","guid":{"rendered":"http:\/\/www.prwestglobal.com\/?p=5132"},"modified":"2024-11-04T10:42:58","modified_gmt":"2024-11-04T10:42:58","slug":"cw-enerji-solar-storage-fuarinda-enerji-depolama-cozumlerini-sunacak","status":"publish","type":"post","link":"http:\/\/www.prwestglobal.com\/index.php\/2024\/11\/04\/cw-enerji-solar-storage-fuarinda-enerji-depolama-cozumlerini-sunacak\/","title":{"rendered":"CW Enerji Solar Storage Fuar\u0131\u2019nda enerji depolama \u00e7\u00f6z\u00fcmlerini sunacak"},"content":{"rendered":"<p><strong>Antalya, <\/strong>04.11.2024 \u2013 CW Enerji, sekt\u00f6r\u00fcnde ad\u0131ndan s\u00f6z ettirmeye h\u0131zla devam ediyor. Birbiri ard\u0131na d\u00fczenlenen ulusal ve uluslararas\u0131 bir\u00e7ok fuarda aktif olarak yer alan firma, 7-9 Kas\u0131m tarihleri aras\u0131nda \u0130stanbul T\u00fcyap Fuar ve Kongre Merkezi\u2019nde ger\u00e7ekle\u015ftirilecek olan Solar Storage Fuar\u0131&#8217;nda da boy g\u00f6sterecek.<\/p>\n<p>Fuar hakk\u0131nda a\u00e7\u0131klamalarda bulunan CW Enerji Y\u00f6netim Kurulu Ba\u015fkan\u0131 Tar\u0131k Sarvan, her fuarda oldu\u011fu gibi bu fuarda da alan\u0131nda uzman ekip arkada\u015flar\u0131 ile birlikte ziyaret\u00e7ileri ile bir araya geleceklerini s\u00f6yledi. Fuarda son teknolojiyle \u00fcretilen inovatif \u00fcr\u00fcnlerini sergileyeceklerini ifade eden Sarvan, \u201cStand\u0131m\u0131zda enerji depolama ve g\u00fcne\u015f enerjisi sekt\u00f6r\u00fcndeki en g\u00fcncel \u00e7\u00f6z\u00fcmlerimizi kat\u0131l\u0131mc\u0131larla bir araya getirece\u011fiz. Lityum batarya \u00e7\u00f6z\u00fcmleri, \u015febeke ba\u011flant\u0131l\u0131 (On-Grid) sistemlerin yan\u0131 s\u0131ra \u015febekeden ba\u011f\u0131ms\u0131z ak\u00fc destekli sistemler (Off-Grid), g\u00fcne\u015f enerjili sulama sistemleri, LED ayd\u0131nlatma sistemleri, g\u00fcne\u015f enerjili kamera sistemleri, elektrikli ara\u00e7 \u015farj istasyonlar\u0131, ak\u0131ll\u0131 ev sistemleri ve \u0131s\u0131 pompas\u0131 sistemleri \u00fcr\u00fcnlerimizi de fuarda sergileyece\u011fiz. Yerli ve milli olan \u00fcr\u00fcnlerimizi geni\u015f bir yelpazede kat\u0131l\u0131mc\u0131lara sunaca\u011f\u0131z\u201d dedi.<\/p>\n<p><strong>S\u00fcrd\u00fcr\u00fclebilir enerjiye katk\u0131<\/strong><\/p>\n<p>Enerji verimlili\u011fini art\u0131ran ve \u00e7evre dostu sistemleriyle \u00f6ne \u00e7\u0131kan \u00fcr\u00fcnlerini sergileyeceklerini dile getiren Sarvan, fuar boyunca sekt\u00f6rdeki i\u015f ortaklar\u0131yla bir araya gelecek ve sekt\u00f6rel geli\u015fmeleri yak\u0131ndan g\u00f6receklerini kaydetti.<\/p>\n<p>Sarvan, s\u00fcrd\u00fcr\u00fclebilir enerjiye olan katk\u0131lar\u0131n\u0131 her platformda sergilemeye devam ettiklerini dile getirerek, \u201cSolar Storage Fuar\u0131&#8217;nda Salon 11\u2019de D1 nolu stantta yer alaca\u011f\u0131z. Fuarda ziyaret\u00e7ilerimizi a\u011f\u0131rlarken, g\u00fcne\u015f enerjisi ve enerji depolama alan\u0131ndaki en son geli\u015fmeleri ve teknolojik yeniliklerimizi de tan\u0131taca\u011f\u0131z. \u00a0Sekt\u00f6r profesyonelleri ve enerji yat\u0131r\u0131mc\u0131lar\u0131yla bir araya gelece\u011fimiz bu fuar\u0131n da olduk\u00e7a verimli ge\u00e7ece\u011fine inan\u0131yorum\u201d diye konu\u015ftu.<\/p>\n<p>CW Enerji stand\u0131nda ziyaret\u00e7ilerin g\u00fcncel geli\u015fmeler hakk\u0131nda detayl\u0131 bilgi alabilece\u011fini belirten Sarvan, sekt\u00f6r payda\u015flar\u0131n\u0131 stantlar\u0131na davet etti.<\/p>\n<p>&nbsp;<\/p>\n<p><strong>CW Enerji Hakk\u0131nda<\/strong><\/p>\n<p>CW Enerji 2010 y\u0131l\u0131nda kurulmu\u015f fotovoltaik enerji \u00fcretim sekt\u00f6r\u00fcnde faaliyet g\u00f6steren \u00fcretim ve hizmet firmas\u0131d\u0131r. Y\u0131ll\u0131k 1,8 GW g\u00fcne\u015f paneli \u00fcretim kapasitesiyle g\u00fcne\u015f paneli \u00fcretim firmalar\u0131ndan biridir. CW Enerji, T\u00fcrkiye\u2019de sanayi faaliyet alan\u0131ndaki en b\u00fcy\u00fck kurulu\u015flar\u0131 tespit etmek i\u00e7in \u0130stanbul Sanayi ve Ticaret Odas\u0131 taraf\u0131ndan yap\u0131lan, \u201cT\u00fcrkiye\u2019nin 500 B\u00fcy\u00fck Sanayi Kurulu\u015fu\u201d \u0130SO 500 2023\u00a0s\u0131ralamas\u0131nda, 2023\u00a0y\u0131l\u0131nda ger\u00e7ekle\u015ftirmi\u015f oldu\u011fu \u00fcretimden net sat\u0131\u015f\u0131 ile listenin 177\u2019nci s\u0131ras\u0131nda yer alm\u0131\u015ft\u0131r.<\/p>\n<p>S\u00fcrd\u00fcr\u00fclebilir enerjinin her alan\u0131nda var olma hedefini daima diri tutan CW Enerji, g\u00fcne\u015f enerji santrallerinin (GES) teknik ve yat\u0131r\u0131m dan\u0131\u015fmanl\u0131\u011f\u0131 gibi alanlar\u0131nda kapsay\u0131c\u0131 hizmetler sunar. Ayn\u0131 zamanda; GES projelendirme, sistem tasar\u0131m\u0131, lisanl\u0131\/lisanss\u0131z santral kurulumlar\u0131, lisans al\u0131m\u0131 ve i\u015fletme gibi talep veya ihtiya\u00e7lara ticari olarak kar\u015f\u0131l\u0131k verir. T\u00fcm bunlarla birlikte; lisanss\u0131z \u00fcretim y\u00f6netmeli\u011fine uygun olarak projelerin planlamas\u0131, projelendirilmesi, finanse edilmesi ve uygulama sonras\u0131nda, teknik bak\u0131m\/onar\u0131m gibi geni\u015f yelpazede \u00e7\u00f6z\u00fcmler sa\u011flar.<\/p>\n<p>End\u00fcstriyel kurulumlar\u0131n yan\u0131 s\u0131ra evsel \u00e7at\u0131 kurulumlar\u0131nda da \u00e7\u00f6z\u00fcmler sunan CW Enerji, \u015febeke ba\u011flant\u0131l\u0131 (On-Grid) sistemlerin yan\u0131 s\u0131ra \u015febekeden ba\u011f\u0131ms\u0131z ak\u00fc destekli sistemler (Off-Grid), g\u00fcne\u015f enerjili sulama sistemleri, LED ayd\u0131nlatma sistemleri, g\u00fcne\u015f enerjili kamera sistemleri ve elektrikli ara\u00e7 \u015farj istasyonlar\u0131 gibi alanlarda da hizmet vermektedir.<\/p>\n<p>&nbsp;<\/p>\n<p><img loading=\"lazy\" decoding=\"async\" class=\"alignnone size-medium wp-image-5130\" src=\"http:\/\/www.prwestglobal.com\/wp-content\/uploads\/2024\/10\/TARIK-SARVAN-1-300x202.jpg\"  alt=\"CW Enerji Solar Storage Fuar\u0131\u2019nda enerji depolama \u00e7\u00f6z\u00fcmlerini sunacak\"  width=\"300\" height=\"202\" srcset=\"http:\/\/www.prwestglobal.com\/wp-content\/uploads\/2024\/10\/TARIK-SARVAN-1-300x202.jpg 300w, http:\/\/www.prwestglobal.com\/wp-content\/uploads\/2024\/10\/TARIK-SARVAN-1-1024x690.jpg 1024w, http:\/\/www.prwestglobal.com\/wp-content\/uploads\/2024\/10\/TARIK-SARVAN-1-768x517.jpg 768w, http:\/\/www.prwestglobal.com\/wp-content\/uploads\/2024\/10\/TARIK-SARVAN-1-1536x1035.jpg 1536w, http:\/\/www.prwestglobal.com\/wp-content\/uploads\/2024\/10\/TARIK-SARVAN-1-600x403.jpg 600w, http:\/\/www.prwestglobal.com\/wp-content\/uploads\/2024\/10\/TARIK-SARVAN-1-900x604.jpg 900w, http:\/\/www.prwestglobal.com\/wp-content\/uploads\/2024\/10\/TARIK-SARVAN-1-400x269.jpg 400w, http:\/\/www.prwestglobal.com\/wp-content\/uploads\/2024\/10\/TARIK-SARVAN-1.jpg 1980w\" sizes=\"auto, (max-width: 300px) 100vw, 300px\" \/><img loading=\"lazy\" decoding=\"async\" class=\"alignnone size-medium wp-image-4847\" src=\"http:\/\/www.prwestglobal.com\/wp-content\/uploads\/2024\/06\/FABRIKA-300x169.jpg\"  alt=\"CW Enerji Solar Storage Fuar\u0131\u2019nda enerji depolama \u00e7\u00f6z\u00fcmlerini sunacak\"  width=\"300\" height=\"169\" srcset=\"http:\/\/www.prwestglobal.com\/wp-content\/uploads\/2024\/06\/FABRIKA-300x169.jpg 300w, http:\/\/www.prwestglobal.com\/wp-content\/uploads\/2024\/06\/FABRIKA-1024x575.jpg 1024w, http:\/\/www.prwestglobal.com\/wp-content\/uploads\/2024\/06\/FABRIKA-768x432.jpg 768w, http:\/\/www.prwestglobal.com\/wp-content\/uploads\/2024\/06\/FABRIKA.jpg 1500w\" sizes=\"auto, (max-width: 300px) 100vw, 300px\" \/><\/p>\n","protected":false},"excerpt":{"rendered":"<p>Antalya, 04.11.2024 \u2013 CW Enerji, sekt\u00f6r\u00fcnde ad\u0131ndan s\u00f6z ettirmeye h\u0131zla devam ediyor. Birbiri ard\u0131na d\u00fczenlenen ulusal ve uluslararas\u0131 bir\u00e7ok fuarda aktif olarak yer alan firma, 7-9 Kas\u0131m tarihleri aras\u0131nda \u0130stanbul&#8230;<\/p>\n","protected":false},"author":1,"featured_media":4847,"comment_status":"closed","ping_status":"closed","sticky":false,"template":"","format":"standard","meta":{"footnotes":""},"categories":[8],"tags":[191,154],"class_list":{"0":"post-5132","1":"post","2":"type-post","3":"status-publish","4":"format-standard","5":"has-post-thumbnail","7":"category-basin","8":"tag-cw-enerji","9":"tag-fuar"},"jetpack_featured_media_url":"http:\/\/www.prwestglobal.com\/wp-content\/uploads\/2024\/06\/FABRIKA.jpg","_links":{"self":[{"href":"http:\/\/www.prwestglobal.com\/index.php\/wp-json\/wp\/v2\/posts\/5132","targetHints":{"allow":["GET"]}}],"collection":[{"href":"http:\/\/www.prwestglobal.com\/index.php\/wp-json\/wp\/v2\/posts"}],"about":[{"href":"http:\/\/www.prwestglobal.com\/index.php\/wp-json\/wp\/v2\/types\/post"}],"author":[{"embeddable":true,"href":"http:\/\/www.prwestglobal.com\/index.php\/wp-json\/wp\/v2\/users\/1"}],"replies":[{"embeddable":true,"href":"http:\/\/www.prwestglobal.com\/index.php\/wp-json\/wp\/v2\/comments?post=5132"}],"version-history":[{"count":4,"href":"http:\/\/www.prwestglobal.com\/index.php\/wp-json\/wp\/v2\/posts\/5132\/revisions"}],"predecessor-version":[{"id":5136,"href":"http:\/\/www.prwestglobal.com\/index.php\/wp-json\/wp\/v2\/posts\/5132\/revisions\/5136"}],"wp:featuredmedia":[{"embeddable":true,"href":"http:\/\/www.prwestglobal.com\/index.php\/wp-json\/wp\/v2\/media\/4847"}],"wp:attachment":[{"href":"http:\/\/www.prwestglobal.com\/index.php\/wp-json\/wp\/v2\/media?parent=5132"}],"wp:term":[{"taxonomy":"category","embeddable":true,"href":"http:\/\/www.prwestglobal.com\/index.php\/wp-json\/wp\/v2\/categories?post=5132"},{"taxonomy":"post_tag","embeddable":true,"href":"http:\/\/www.prwestglobal.com\/index.php\/wp-json\/wp\/v2\/tags?post=5132"}],"curies":[{"name":"wp","href":"https:\/\/api.w.org\/{rel}","templated":true}]}}