{"id":5137,"date":"2024-11-04T11:17:55","date_gmt":"2024-11-04T11:17:55","guid":{"rendered":"http:\/\/www.prwestglobal.com\/?p=5137"},"modified":"2024-11-27T14:41:54","modified_gmt":"2024-11-27T14:41:54","slug":"bakan-kacirdan-makine-sektorune-destek-sozu","status":"publish","type":"post","link":"http:\/\/www.prwestglobal.com\/index.php\/2024\/11\/04\/bakan-kacirdan-makine-sektorune-destek-sozu\/","title":{"rendered":"Bakan Kac\u0131r\u2019dan makine sekt\u00f6r\u00fcne destek s\u00f6z\u00fc"},"content":{"rendered":"<ul>\n<li style=\"text-align: justify;\"><strong>Makine \u0130malat\u00e7\u0131lar\u0131 Birli\u011fi (M\u0130B) ev sahipli\u011finde, Sanayi ve Teknoloji Bakan\u0131 Mehmet Fatih Kac\u0131r&#8217;\u0131n kat\u0131l\u0131m\u0131yla, \u00c7erkezk\u00f6y Organize Sanayi B\u00f6lgesi\u2019nde Makina Sekt\u00f6r Toplant\u0131s\u0131 d\u00fczenlendi. <\/strong><\/li>\n<\/ul>\n<p style=\"text-align: justify;\"><strong>\u00a0<\/strong><\/p>\n<ul style=\"text-align: justify;\">\n<li><strong>Sekt\u00f6r\u00fcn \u00f6nde gelen firma temsilcilerinin yan\u0131 s\u0131ra oda ba\u015fkanlar\u0131, OSB yetkilileri ve sanayicilerin kat\u0131ld\u0131\u011f\u0131 toplant\u0131da, sekt\u00f6r\u00fcn sorun ve \u00e7\u00f6z\u00fcm \u00f6nerileri masaya yat\u0131r\u0131l\u0131rken, Bakan Kac\u0131r \u2018\u00f6ncelikli ve stratejik sekt\u00f6r\u2019 olarak nitelendirdi\u011fi makine sekt\u00f6r\u00fcne desteklerin artarak devam edece\u011fini s\u00f6yledi.<\/strong><\/li>\n<\/ul>\n<p style=\"text-align: justify;\">\n<p style=\"text-align: justify;\">1990 y\u0131l\u0131ndan beri t\u00fcm makine sekt\u00f6r\u00fcnde yerli makine \u00fcreticilerinin \u00e7\u0131karlar\u0131n\u0131 g\u00f6zetmek ve yerli makine \u00fcretimini desteklemek amac\u0131yla faaliyetlerini s\u00fcrd\u00fcren Makina \u0130malat\u00e7\u0131lar\u0131 Birli\u011fi (M\u0130B), T\u00fcrk makine sekt\u00f6r\u00fcn\u00fcn geli\u015fimine ve k\u00fcresel rekabet g\u00fcc\u00fcn\u00fcn art\u0131r\u0131lmas\u0131na y\u00f6nelik \u00e7al\u0131\u015fmalar\u0131 h\u0131z kesmeden devam ediyor.<\/p>\n<p style=\"text-align: justify;\">Makine \u0130malat\u00e7\u0131lar\u0131 Birli\u011fi (M\u0130B) taraf\u0131ndan, \u00c7erkezk\u00f6y\u2019de Y\u0131lmaz Grup \u015firketlerinden ELK Motor fabrikas\u0131nda Makina Sekt\u00f6r Toplant\u0131s\u0131 d\u00fczenlendi. Toplant\u0131da, sekt\u00f6r\u00fcn sorun ve \u00e7\u00f6z\u00fcm \u00f6nerileri masaya yat\u0131r\u0131l\u0131rken, sekt\u00f6r temsilcileri sorunlar\u0131 ve talepleri bizzat Bakan Kac\u0131r ile payla\u015fma imk\u00e2n\u0131 buldu.<\/p>\n<p style=\"text-align: justify;\">D\u00fczenlenen toplant\u0131ya; Sanayi ve Teknoloji Bakan\u0131 Mehmet Fatih Kac\u0131r&#8217;\u0131n yan\u0131 s\u0131ra Sanayi ve Teknoloji Bakan Yard\u0131mc\u0131s\u0131 Dr. \u00c7etin Ali D\u00f6nmez, Tekirda\u011f Valisi Recep Soyt\u00fcrk, AK Parti Tekirda\u011f Milletvekilleri Mestan \u00d6zcan, G\u00f6khan Dikta\u015f, \u00c7i\u011fdem Koncag\u00fcl, Makine \u0130malat\u00e7\u0131lar\u0131 Birli\u011fi Y\u00f6netim Kurulu Ba\u015fkan\u0131 S. Emre Gencer ve Y\u00f6netim Kurulu \u00dcyeleri ile sanayiciler ve davetliler kat\u0131ld\u0131.<\/p>\n<p style=\"text-align: justify;\"><strong>\u201cGelece\u011fin sanayisini in\u015fa etmek i\u00e7in \u00e7al\u0131\u015fmaya devam edece\u011fiz\u201d<\/strong><\/p>\n<p style=\"text-align: justify;\">Toplant\u0131ya ev sahipli\u011fi yapan M\u0130B Y\u00f6netim Kurulu Ba\u015fkan Vekili ve ayn\u0131 zamanda ELK Motor Y\u00f6netim Kurulu Ba\u015fkan Vekili Ender Y\u0131lmaz, a\u00e7\u0131l\u0131\u015f konu\u015fmas\u0131nda \u201cBu toplant\u0131m\u0131z\u0131n, sekt\u00f6rde gelecek stratejisini olu\u015fturma ve planlama a\u00e7\u0131s\u0131ndan \u00f6nemli bir f\u0131rsat olaca\u011f\u0131na inan\u0131yoruz. T\u00fcrkiye\u2019de \u00fcretim yapan makine sekt\u00f6r\u00fcndeki fabrikalar\u0131m\u0131z, \u00fclkemizin ekonomik kalk\u0131nmas\u0131nda \u00f6nemli bir rol oynamakta ve nitelikli istihdam yaratma konusunda \u00f6rnek te\u015fkil etmektedir. Teknolojinin h\u0131zla geli\u015fti\u011fi g\u00fcn\u00fcm\u00fczde, daha fazla rekabet\u00e7i olabilmek i\u00e7in yenilik\u00e7i \u00e7\u00f6z\u00fcmler \u00fcretmek \u015fart. Biz makina sekt\u00f6r\u00fc temsilcileri olarak hep birlikte, gelece\u011fin sanayisini in\u015fa etmek i\u00e7in devletimiz, \u00e7al\u0131\u015fan\u0131m\u0131z ve m\u00fc\u015fterilerimizle birlikte \u00fczerimize d\u00fc\u015feni yapmaya gayret ediyoruz ve etmeye de devam edece\u011fiz\u201d dedi.<\/p>\n<p style=\"text-align: justify;\">Daha sonra s\u00f6z alan Makine \u0130malat\u00e7\u0131lar\u0131 Birli\u011fi Y\u00f6netim Kurulu Ba\u015fkan\u0131 S. Emre Gencer ise M\u0130B ve faaliyetleri hakk\u0131nda bilgiler verdikten sonra, sekt\u00f6r\u00fcn beklentilerine ili\u015fkin \u00f6nemli a\u00e7\u0131klamalarda bulundu.<\/p>\n<p style=\"text-align: justify;\"><strong>Yeni T\u00fcrk Mal\u0131 Tebli\u011f tasar\u0131s\u0131ndan beklenti y\u00fcksek<\/strong><\/p>\n<p style=\"text-align: justify;\">Gencer, \u201cMakine \u00c7al\u0131\u015fma Grubunun, ge\u00e7ti\u011fimiz ay Sanayi Genel M\u00fcd\u00fcr\u00fcm\u00fcz\u00fcn ba\u015fkanl\u0131\u011f\u0131nda yap\u0131lan ilk toplant\u0131s\u0131nda, \u00c7in\u2019den uluslararas\u0131 hukuka ayk\u0131r\u0131 olarak yap\u0131lan dampingli ve s\u00fcbvansiyonlu ithalata kar\u015f\u0131 al\u0131nmas\u0131 gerekli ticaret politikas\u0131 \u00f6nlemlerini ele ald\u0131k. Ayn\u0131 \u015fekilde, standartlar\u0131m\u0131za uygun olmad\u0131\u011f\u0131 kullan\u0131m a\u015famas\u0131nda ortaya \u00e7\u0131kan \u00c7in men\u015feli baz\u0131 makinelerin, s\u00f6zde CE belgeleriyle \u00fclkemize ithalat\u0131n\u0131n engellenmesine y\u00f6nelik \u00f6nerilerimizi g\u00fcndeme getirdik. Bilindi\u011fi \u00fczere makine d\u0131\u015f ticaretimizde, y\u0131ll\u0131k 17 milyar dolar\u0131n \u00fczerinde ticaret a\u00e7\u0131\u011f\u0131 veriyoruz. Daha da k\u00f6t\u00fcs\u00fc, bu a\u00e7\u0131\u011f\u0131m\u0131z\u0131n yakla\u015f\u0131k 11 milyar dolar\u0131, \u00c7in&#8217;den yapt\u0131\u011f\u0131m\u0131z, \u00f6nemli bir b\u00f6l\u00fcm\u00fc dampingli ya da do\u011frulu\u011fu \u015f\u00fcpheli kalite belgeleriyle \u00fclkemize ithal edilen makinelerden kaynaklan\u0131yor.\u00a0\u00a0 Bu nedenle sorunu, olumlu sonu\u00e7 al\u0131ncaya kadar \u00c7al\u0131\u015fma Grubu g\u00fcndeminde tutmaya devam edece\u011fiz. \u00dczerinde \u00f6nemle durdu\u011fumuz di\u011fer bir konu da kamu al\u0131mlar\u0131nda yerli mal\u0131 \u00fcr\u00fcnlerin tercih edilmesine ili\u015fkin d\u00fczenlemedeki eksikliklerin giderilmesine dair yeni T\u00fcrk Mal\u0131 Tebli\u011f tasar\u0131s\u0131 olmu\u015ftur. Bu konudaki beklentimiz; kamu otoritesinin, Yerli Mal\u0131 belgelerini resen veya \u015fik\u00e2yet \u00fczerine incelemeye yetkili k\u0131l\u0131nmas\u0131 ilkesinin yeni mevzuata yoruma imk\u00e2n vermeyecek netlikte yans\u0131t\u0131lmas\u0131d\u0131r. \u00c7al\u0131\u015fma Grubunun bundan sonraki toplant\u0131lar\u0131nda; baz\u0131 istisnalar d\u0131\u015f\u0131nda sadece yeni Kalk\u0131nma Plan\u0131 ve OVP\u2019de yer alan, politika ve tedbirlerin uygulamaya ge\u00e7irilmesi ile ilgili konular\u0131 g\u00fcndeme getirmeyi \u00f6ng\u00f6r\u00fcyoruz\u201d diye konu\u015ftu.<\/p>\n<p style=\"text-align: justify;\"><strong>\u201cVerimlilik art\u0131\u015f\u0131 odakl\u0131 yat\u0131r\u0131mlar\u0131m\u0131z\u0131 s\u00fcrd\u00fcrmek mecburiyetindeyiz\u201d<\/strong><\/p>\n<p style=\"text-align: justify;\">\u201cSekt\u00f6r olarak, i\u00e7 pazar\u0131m\u0131zdaki daralman\u0131n yan\u0131 s\u0131ra b\u00fcy\u00fck d\u0131\u015f pazarlar\u0131m\u0131z\u0131n neredeyse tamam\u0131nda zor bir y\u0131l ge\u00e7iriyoruz\u201d diyen S. Emre Gencer, \u201cHalen AB \u00fclkelerinde, Almanya merkezli olarak ya\u015fanmakta olan ekonomik durgunlu\u011fun giderek derinle\u015fti\u011fi dikkate al\u0131nd\u0131\u011f\u0131nda, bu durumun gelecek y\u0131l\u0131n tamam\u0131nda devam etmesi olas\u0131l\u0131\u011f\u0131 y\u00fcksektir. Bu nedenle b\u00fct\u00e7elerimizi dengelemeye \u00e7al\u0131\u015f\u0131yoruz. Uluslararas\u0131 rekabette ayakta kalmak i\u00e7in verimlilik art\u0131\u015f\u0131 odakl\u0131 yat\u0131r\u0131mlar\u0131m\u0131z\u0131 s\u00fcrd\u00fcrmek mecburiyetindeyiz. Yat\u0131r\u0131m finansman\u0131nda neredeyse tek alternatifimiz YTAK program\u0131. Ancak bu programdan bug\u00fcne kadar yeterince yararlanamad\u0131\u011f\u0131m\u0131z da bir ger\u00e7ektir. Yeni Orta Vadeli Programda, YTAK\u2019n\u0131n \u2018\u00fcretken sekt\u00f6rlerde ihracat\u0131 destekleyici ve y\u00fcksek katma de\u011ferli \u00fcr\u00fcn gruplar\u0131na y\u00f6nelik olarak daha etkin uygulanaca\u011f\u0131\u2019 belirtilmektedir. HAMLE program\u0131 kapsam\u0131nda bug\u00fcne kadar onaylanan 18 makine projesinin tamam\u0131, bu tan\u0131mlamaya birebir uygun yat\u0131r\u0131mlar\u0131 kapsamaktad\u0131r. Bu nedenle onaylanan projelerin tamam\u0131na YTAK tahsis edilmesi gerekti\u011fini d\u00fc\u015f\u00fcn\u00fcyoruz\u201d dedi.<\/p>\n<p style=\"text-align: justify;\"><strong>\u201cT\u00fcm kamu firmalar\u0131 makine ve te\u00e7hizat al\u0131mlar\u0131nda ayn\u0131 anlay\u0131\u015fla hareket etmeli\u201d<\/strong><\/p>\n<p style=\"text-align: justify;\">\u201cT\u0130M\u2019in yapt\u0131\u011f\u0131 sekt\u00f6rel analizler, makine sekt\u00f6r\u00fcn\u00fcn, \u00fclkemizin k\u00fcresel \u00f6l\u00e7ekte en rekabet\u00e7i oldu\u011fu sekt\u00f6rler aras\u0131nda ilk s\u0131ralarda yer ald\u0131\u011f\u0131n\u0131 ortaya koymaktad\u0131r\u201d diyen Gencer, \u201cHAMLE program\u0131na dahil olmayan makine yat\u0131r\u0131mlar\u0131n\u0131n da YTAK program\u0131ndan kolayla\u015ft\u0131r\u0131lm\u0131\u015f prosed\u00fcrlerle yararland\u0131r\u0131lmas\u0131 gerekti\u011fine inan\u0131yoruz. Yat\u0131r\u0131m konusunda dikkatimizi \u00e7eken di\u011fer bir uygulama da \u00e7ok k\u0131sa s\u00fcre \u00f6nce olu\u015fturulan \u2018HIT 30\u2019 program\u0131d\u0131r. Bu program kapsam\u0131nda \u00f6ncelikli yat\u0131r\u0131m alanlar\u0131 aras\u0131nda yer alan Eklemeli \u0130malat Makineleri ve Y\u00fcksek Teknoloji \u00dcr\u00fcnleri i\u00e7in de\u011fer zincirlerinin tamam\u0131n\u0131 i\u00e7ine alan b\u00fct\u00fcnc\u00fcl bir ekosistem in\u015fa edilmesinin ama\u00e7land\u0131\u011f\u0131n\u0131 anl\u0131yoruz. Bakanl\u0131k yetkililerimizin, HIT 30 program hakk\u0131nda \u00fcyelerimize, HAMLE\u2019de oldu\u011fu gibi \u00e7evrimi\u00e7i bir toplant\u0131 \u00fczerinden bilgilendirme yapmas\u0131 yararl\u0131 olacakt\u0131r. Bir di\u011fer \u00f6nemli konu da kamuya ait i\u015fletmelerin, makine al\u0131mlar\u0131n\u0131 yerli \u00fcretimi te\u015fvik edecek ilkesel bir anlay\u0131\u015fla ger\u00e7ekle\u015ftirmeleridir. Bu konuda ge\u00e7ti\u011fimiz ay, kamu i\u015fletmemiz MKE ile savunma sanayinde kullan\u0131lan makine ve te\u00e7hizat\u0131n yerli firmalar\u0131m\u0131zdan tedarik edilmesini \u00f6ng\u00f6ren bir i\u015f birli\u011fi protokol\u00fc imzalad\u0131k.\u00a0 T\u00fcm kamu firmalar\u0131n\u0131n, kamu i\u015ftiraklerinin, Varl\u0131k Fonu \u015firketlerinin, B\u0130T\u2019lerin ve K\u00d6\u0130 projeleri \u00fcstlenen konsorsiyumlar\u0131n makine ve te\u00e7hizat al\u0131mlar\u0131nda ayn\u0131 anlay\u0131\u015fla hareket etmelerini gerekti\u011fine inan\u0131yoruz\u201d ifadelerini kulland\u0131.<\/p>\n<p style=\"text-align: justify;\"><strong>\u201cYeni yat\u0131r\u0131m te\u015fvik sistemimizi kamuoyuyla payla\u015faca\u011f\u0131z\u201d<\/strong><\/p>\n<p style=\"text-align: justify;\">Toplant\u0131da konu\u015fma yapan Sanayi ve Teknoloji Bakan\u0131 Mehmet Fatih Kac\u0131r ise makine sekt\u00f6r\u00fcn\u00fcn her zaman en \u00f6ncelikli, en stratejik sekt\u00f6rler aras\u0131nda yer ald\u0131\u011f\u0131n\u0131 s\u00f6yledi. Kac\u0131r, \u201cMakine sekt\u00f6r\u00fcnde ihracat\u0131m\u0131z\u0131 y\u0131ll\u0131k 2 milyar 100 milyon dolardan, 25,3 milyar dolara y\u00fckseldi. 2024\u2019te de bu seviyeyi koruyaca\u011f\u0131m\u0131za biraz da \u00fczerine \u00e7\u0131kabilece\u011fimize y\u00fcrekten inan\u0131yorum. D\u00fcnyan\u0131n en zengin en geli\u015fmi\u015f kabul edilen \u00fclkelerine makine ihracat\u0131 yapabilen bir \u00fclkedir bug\u00fcn T\u00fcrkiye. Y\u0131ll\u0131k 262 milyar dolar d\u00fczeyine y\u00fckselen ihracat\u0131m\u0131z\u0131n y\u00fczde 95&#8217;i sanayi \u00fcr\u00fcnlerinden olu\u015fuyor. Bu ba\u015far\u0131 hikayesinde elbette hep birlikte att\u0131\u011f\u0131m\u0131z ad\u0131mlar\u0131n planl\u0131 sanayile\u015fme yakla\u015f\u0131mlar\u0131n\u0131n da \u00e7ok \u00f6nemli bir rol\u00fc oldu\u201d dedi.<\/p>\n<p style=\"text-align: justify;\">Bakan Kac\u0131r, yeni yat\u0131r\u0131m te\u015fvik sistemini yak\u0131nda kamuoyuyla payla\u015facaklar\u0131n\u0131 m\u00fcjdeledi. Kac\u0131r, \u201cBu sistemde bir yandan T\u00fcrkiye&#8217;nin y\u00fcksek teknoloji hamlelerini h\u0131zland\u0131raca\u011f\u0131z, bir yandan halihaz\u0131rda ba\u015far\u0131yla s\u00fcrd\u00fcrd\u00fc\u011f\u00fcm\u00fcz teknoloji odakl\u0131 sanayi hamlesi gibi programlar\u0131, stratejik te\u015fvik uygulamalar\u0131n\u0131 bug\u00fcnk\u00fcnden daha ileri unsurlarla destekleyece\u011fiz. Bu sistemde bir yandan T\u00fcrkiye&#8217;nin y\u00fcksek teknoloji hamlelerini h\u0131zland\u0131raca\u011f\u0131z. Bir yandan halihaz\u0131rda ba\u015far\u0131yla s\u00fcrd\u00fcrd\u00fc\u011f\u00fcm\u00fcz teknoloji odakl\u0131 sanayi hamlesi gibi programlar\u0131 stratejik te\u015fvik uygulamalar\u0131n\u0131 bug\u00fcnk\u00fcnden daha ileri unsurlarla destekleyece\u011fiz\u201d dedi.<\/p>\n<p style=\"text-align: justify;\"><strong>Sanayide ikiz d\u00f6n\u00fc\u015f\u00fcm vurgusu<\/strong><\/p>\n<p style=\"text-align: justify;\">Kac\u0131r, sanayide en \u00f6nemli hedeflerinden birinin de ikiz d\u00f6n\u00fc\u015f\u00fcm\u00fc ger\u00e7ekle\u015ftirmek oldu\u011funu ifade ederek, \u201cYe\u015fil D\u00f6n\u00fc\u015f\u00fcm, Dijital D\u00f6n\u00fc\u015f\u00fcm alanlar\u0131nda daha h\u0131zl\u0131 ad\u0131mlar atmal\u0131y\u0131z. Bunun i\u00e7in 2 yeni program ba\u015flatt\u0131k. Bu programlar\u0131n kurgusunun da asl\u0131nda bir zihniyet d\u00f6n\u00fc\u015f\u00fcm\u00fcn\u00fc de bar\u0131nd\u0131rd\u0131\u011f\u0131n\u0131 ifade etmek isterim. Biz do\u011fru hedefler koydu\u011fumuzda hep birlikte bu hedefler do\u011frultusunda h\u0131zland\u0131\u011f\u0131m\u0131z ve ortak ad\u0131mlar att\u0131\u011f\u0131m\u0131zda ne kadar \u00f6nemli neticeler ald\u0131\u011f\u0131m\u0131z\u0131 pek \u00e7ok alanda g\u00f6rd\u00fck. Bu zamana kadar att\u0131\u011f\u0131m\u0131z k\u0131ymetli ad\u0131mlar neticesinde T\u00fcrkiye, AR-GE ve inovasyon \u00fclkesi olmu\u015ftur\u201d dedi.<\/p>\n<p style=\"text-align: justify;\">Son derece verimli ge\u00e7en toplant\u0131n\u0131n ard\u0131ndan soru-cevap b\u00f6l\u00fcm\u00fc ger\u00e7ekle\u015ftirilirken, ard\u0131ndan t\u00fcm ziyaret\u00e7ilerle fabrika turu yap\u0131ld\u0131.<\/p>\n<p style=\"text-align: justify;\">\n\n\t\t<style type=\"text\/css\">\n\t\t\t#gallery-1 {\n\t\t\t\tmargin: auto;\n\t\t\t}\n\t\t\t#gallery-1 .gallery-item {\n\t\t\t\tfloat: left;\n\t\t\t\tmargin-top: 10px;\n\t\t\t\ttext-align: center;\n\t\t\t\twidth: 33%;\n\t\t\t}\n\t\t\t#gallery-1 img {\n\t\t\t\tborder: 2px solid #cfcfcf;\n\t\t\t}\n\t\t\t#gallery-1 .gallery-caption {\n\t\t\t\tmargin-left: 0;\n\t\t\t}\n\t\t\t\/* see gallery_shortcode() in wp-includes\/media.php *\/\n\t\t<\/style>\n\t\t<div id='gallery-1' class='gallery galleryid-5137 gallery-columns-3 gallery-size-thumbnail'><dl class='gallery-item'>\n\t\t\t<dt class='gallery-icon landscape'>\n\t\t\t\t<a href='http:\/\/www.prwestglobal.com\/index.php\/2024\/11\/04\/bakan-kacirdan-makine-sektorune-destek-sozu\/img-20241102-wa0083\/'><img loading=\"lazy\" decoding=\"async\" width=\"150\" height=\"150\" src=\"http:\/\/www.prwestglobal.com\/wp-content\/uploads\/2024\/11\/IMG-20241102-WA0083-150x150.jpg\" class=\"attachment-thumbnail size-thumbnail\"  alt=\"Bakan Kac\u0131r\u2019dan makine sekt\u00f6r\u00fcne destek s\u00f6z\u00fc\"  srcset=\"http:\/\/www.prwestglobal.com\/wp-content\/uploads\/2024\/11\/IMG-20241102-WA0083-150x150.jpg 150w, http:\/\/www.prwestglobal.com\/wp-content\/uploads\/2024\/11\/IMG-20241102-WA0083-140x140.jpg 140w, http:\/\/www.prwestglobal.com\/wp-content\/uploads\/2024\/11\/IMG-20241102-WA0083-100x100.jpg 100w, http:\/\/www.prwestglobal.com\/wp-content\/uploads\/2024\/11\/IMG-20241102-WA0083-500x500.jpg 500w, http:\/\/www.prwestglobal.com\/wp-content\/uploads\/2024\/11\/IMG-20241102-WA0083-350x350.jpg 350w, http:\/\/www.prwestglobal.com\/wp-content\/uploads\/2024\/11\/IMG-20241102-WA0083-1000x1000.jpg 1000w, http:\/\/www.prwestglobal.com\/wp-content\/uploads\/2024\/11\/IMG-20241102-WA0083-800x800.jpg 800w\" sizes=\"auto, (max-width: 150px) 100vw, 150px\" \/><\/a>\n\t\t\t<\/dt><\/dl><dl class='gallery-item'>\n\t\t\t<dt class='gallery-icon landscape'>\n\t\t\t\t<a href='http:\/\/www.prwestglobal.com\/index.php\/2024\/11\/04\/bakan-kacirdan-makine-sektorune-destek-sozu\/img-20241102-wa0082\/'><img loading=\"lazy\" decoding=\"async\" width=\"150\" height=\"150\" src=\"http:\/\/www.prwestglobal.com\/wp-content\/uploads\/2024\/11\/IMG-20241102-WA0082-150x150.jpg\" class=\"attachment-thumbnail size-thumbnail\"  alt=\"Bakan Kac\u0131r\u2019dan makine sekt\u00f6r\u00fcne destek s\u00f6z\u00fc\"  srcset=\"http:\/\/www.prwestglobal.com\/wp-content\/uploads\/2024\/11\/IMG-20241102-WA0082-150x150.jpg 150w, http:\/\/www.prwestglobal.com\/wp-content\/uploads\/2024\/11\/IMG-20241102-WA0082-140x140.jpg 140w, http:\/\/www.prwestglobal.com\/wp-content\/uploads\/2024\/11\/IMG-20241102-WA0082-100x100.jpg 100w, http:\/\/www.prwestglobal.com\/wp-content\/uploads\/2024\/11\/IMG-20241102-WA0082-500x500.jpg 500w, http:\/\/www.prwestglobal.com\/wp-content\/uploads\/2024\/11\/IMG-20241102-WA0082-350x350.jpg 350w, http:\/\/www.prwestglobal.com\/wp-content\/uploads\/2024\/11\/IMG-20241102-WA0082-1000x1000.jpg 1000w, http:\/\/www.prwestglobal.com\/wp-content\/uploads\/2024\/11\/IMG-20241102-WA0082-800x800.jpg 800w\" sizes=\"auto, (max-width: 150px) 100vw, 150px\" \/><\/a>\n\t\t\t<\/dt><\/dl><dl class='gallery-item'>\n\t\t\t<dt class='gallery-icon landscape'>\n\t\t\t\t<a href='http:\/\/www.prwestglobal.com\/index.php\/2024\/11\/04\/bakan-kacirdan-makine-sektorune-destek-sozu\/img-20241102-wa0014\/'><img loading=\"lazy\" decoding=\"async\" width=\"150\" height=\"150\" src=\"http:\/\/www.prwestglobal.com\/wp-content\/uploads\/2024\/11\/IMG-20241102-WA0014-150x150.jpg\" class=\"attachment-thumbnail size-thumbnail\"  alt=\"Bakan Kac\u0131r\u2019dan makine sekt\u00f6r\u00fcne destek s\u00f6z\u00fc\"  srcset=\"http:\/\/www.prwestglobal.com\/wp-content\/uploads\/2024\/11\/IMG-20241102-WA0014-150x150.jpg 150w, http:\/\/www.prwestglobal.com\/wp-content\/uploads\/2024\/11\/IMG-20241102-WA0014-140x140.jpg 140w, http:\/\/www.prwestglobal.com\/wp-content\/uploads\/2024\/11\/IMG-20241102-WA0014-100x100.jpg 100w, http:\/\/www.prwestglobal.com\/wp-content\/uploads\/2024\/11\/IMG-20241102-WA0014-500x500.jpg 500w, http:\/\/www.prwestglobal.com\/wp-content\/uploads\/2024\/11\/IMG-20241102-WA0014-350x350.jpg 350w, http:\/\/www.prwestglobal.com\/wp-content\/uploads\/2024\/11\/IMG-20241102-WA0014-1000x1000.jpg 1000w, http:\/\/www.prwestglobal.com\/wp-content\/uploads\/2024\/11\/IMG-20241102-WA0014-800x800.jpg 800w\" sizes=\"auto, (max-width: 150px) 100vw, 150px\" \/><\/a>\n\t\t\t<\/dt><\/dl><br style=\"clear: both\" \/><dl class='gallery-item'>\n\t\t\t<dt class='gallery-icon landscape'>\n\t\t\t\t<a href='http:\/\/www.prwestglobal.com\/index.php\/2024\/11\/04\/bakan-kacirdan-makine-sektorune-destek-sozu\/img-20241102-wa0015\/'><img loading=\"lazy\" decoding=\"async\" width=\"150\" height=\"150\" src=\"http:\/\/www.prwestglobal.com\/wp-content\/uploads\/2024\/11\/IMG-20241102-WA0015-150x150.jpg\" class=\"attachment-thumbnail size-thumbnail\"  alt=\"Bakan Kac\u0131r\u2019dan makine sekt\u00f6r\u00fcne destek s\u00f6z\u00fc\"  srcset=\"http:\/\/www.prwestglobal.com\/wp-content\/uploads\/2024\/11\/IMG-20241102-WA0015-150x150.jpg 150w, http:\/\/www.prwestglobal.com\/wp-content\/uploads\/2024\/11\/IMG-20241102-WA0015-140x140.jpg 140w, http:\/\/www.prwestglobal.com\/wp-content\/uploads\/2024\/11\/IMG-20241102-WA0015-100x100.jpg 100w, http:\/\/www.prwestglobal.com\/wp-content\/uploads\/2024\/11\/IMG-20241102-WA0015-500x500.jpg 500w, http:\/\/www.prwestglobal.com\/wp-content\/uploads\/2024\/11\/IMG-20241102-WA0015-350x350.jpg 350w, http:\/\/www.prwestglobal.com\/wp-content\/uploads\/2024\/11\/IMG-20241102-WA0015-1000x1000.jpg 1000w, http:\/\/www.prwestglobal.com\/wp-content\/uploads\/2024\/11\/IMG-20241102-WA0015-800x800.jpg 800w\" sizes=\"auto, (max-width: 150px) 100vw, 150px\" \/><\/a>\n\t\t\t<\/dt><\/dl><dl class='gallery-item'>\n\t\t\t<dt class='gallery-icon landscape'>\n\t\t\t\t<a href='http:\/\/www.prwestglobal.com\/index.php\/2024\/11\/04\/bakan-kacirdan-makine-sektorune-destek-sozu\/img-20241102-wa0023\/'><img loading=\"lazy\" decoding=\"async\" width=\"150\" height=\"150\" src=\"http:\/\/www.prwestglobal.com\/wp-content\/uploads\/2024\/11\/IMG-20241102-WA0023-150x150.jpg\" class=\"attachment-thumbnail size-thumbnail\"  alt=\"Bakan Kac\u0131r\u2019dan makine sekt\u00f6r\u00fcne destek s\u00f6z\u00fc\"  srcset=\"http:\/\/www.prwestglobal.com\/wp-content\/uploads\/2024\/11\/IMG-20241102-WA0023-150x150.jpg 150w, http:\/\/www.prwestglobal.com\/wp-content\/uploads\/2024\/11\/IMG-20241102-WA0023-140x140.jpg 140w, http:\/\/www.prwestglobal.com\/wp-content\/uploads\/2024\/11\/IMG-20241102-WA0023-100x100.jpg 100w, http:\/\/www.prwestglobal.com\/wp-content\/uploads\/2024\/11\/IMG-20241102-WA0023-500x500.jpg 500w, http:\/\/www.prwestglobal.com\/wp-content\/uploads\/2024\/11\/IMG-20241102-WA0023-350x350.jpg 350w, http:\/\/www.prwestglobal.com\/wp-content\/uploads\/2024\/11\/IMG-20241102-WA0023-1000x1000.jpg 1000w, http:\/\/www.prwestglobal.com\/wp-content\/uploads\/2024\/11\/IMG-20241102-WA0023-800x800.jpg 800w\" sizes=\"auto, (max-width: 150px) 100vw, 150px\" \/><\/a>\n\t\t\t<\/dt><\/dl><dl class='gallery-item'>\n\t\t\t<dt class='gallery-icon landscape'>\n\t\t\t\t<a href='http:\/\/www.prwestglobal.com\/index.php\/2024\/11\/04\/bakan-kacirdan-makine-sektorune-destek-sozu\/img-20241102-wa0025\/'><img loading=\"lazy\" decoding=\"async\" width=\"150\" height=\"150\" src=\"http:\/\/www.prwestglobal.com\/wp-content\/uploads\/2024\/11\/IMG-20241102-WA0025-150x150.jpg\" class=\"attachment-thumbnail size-thumbnail\"  alt=\"Bakan Kac\u0131r\u2019dan makine sekt\u00f6r\u00fcne destek s\u00f6z\u00fc\"  srcset=\"http:\/\/www.prwestglobal.com\/wp-content\/uploads\/2024\/11\/IMG-20241102-WA0025-150x150.jpg 150w, http:\/\/www.prwestglobal.com\/wp-content\/uploads\/2024\/11\/IMG-20241102-WA0025-140x140.jpg 140w, http:\/\/www.prwestglobal.com\/wp-content\/uploads\/2024\/11\/IMG-20241102-WA0025-100x100.jpg 100w, http:\/\/www.prwestglobal.com\/wp-content\/uploads\/2024\/11\/IMG-20241102-WA0025-500x500.jpg 500w, http:\/\/www.prwestglobal.com\/wp-content\/uploads\/2024\/11\/IMG-20241102-WA0025-350x350.jpg 350w, http:\/\/www.prwestglobal.com\/wp-content\/uploads\/2024\/11\/IMG-20241102-WA0025-1000x1000.jpg 1000w, http:\/\/www.prwestglobal.com\/wp-content\/uploads\/2024\/11\/IMG-20241102-WA0025-800x800.jpg 800w\" sizes=\"auto, (max-width: 150px) 100vw, 150px\" \/><\/a>\n\t\t\t<\/dt><\/dl><br style=\"clear: both\" \/>\n\t\t<\/div>\n\n<p style=\"text-align: justify;\">\n","protected":false},"excerpt":{"rendered":"<p>Makine \u0130malat\u00e7\u0131lar\u0131 Birli\u011fi (M\u0130B) ev sahipli\u011finde, Sanayi ve Teknoloji Bakan\u0131 Mehmet Fatih Kac\u0131r&#8217;\u0131n kat\u0131l\u0131m\u0131yla, \u00c7erkezk\u00f6y Organize Sanayi B\u00f6lgesi\u2019nde Makina Sekt\u00f6r Toplant\u0131s\u0131 d\u00fczenlendi. \u00a0 Sekt\u00f6r\u00fcn \u00f6nde gelen firma temsilcilerinin yan\u0131 s\u0131ra&#8230;<\/p>\n","protected":false},"author":1,"featured_media":5138,"comment_status":"closed","ping_status":"closed","sticky":false,"template":"","format":"standard","meta":{"footnotes":""},"categories":[8],"tags":[196,291],"class_list":{"0":"post-5137","1":"post","2":"type-post","3":"status-publish","4":"format-standard","5":"has-post-thumbnail","7":"category-basin","8":"tag-mib","9":"tag-toplanti"},"jetpack_featured_media_url":"http:\/\/www.prwestglobal.com\/wp-content\/uploads\/2024\/11\/IMG-20241102-WA0083-scaled.jpg","_links":{"self":[{"href":"http:\/\/www.prwestglobal.com\/index.php\/wp-json\/wp\/v2\/posts\/5137","targetHints":{"allow":["GET"]}}],"collection":[{"href":"http:\/\/www.prwestglobal.com\/index.php\/wp-json\/wp\/v2\/posts"}],"about":[{"href":"http:\/\/www.prwestglobal.com\/index.php\/wp-json\/wp\/v2\/types\/post"}],"author":[{"embeddable":true,"href":"http:\/\/www.prwestglobal.com\/index.php\/wp-json\/wp\/v2\/users\/1"}],"replies":[{"embeddable":true,"href":"http:\/\/www.prwestglobal.com\/index.php\/wp-json\/wp\/v2\/comments?post=5137"}],"version-history":[{"count":4,"href":"http:\/\/www.prwestglobal.com\/index.php\/wp-json\/wp\/v2\/posts\/5137\/revisions"}],"predecessor-version":[{"id":5167,"href":"http:\/\/www.prwestglobal.com\/index.php\/wp-json\/wp\/v2\/posts\/5137\/revisions\/5167"}],"wp:featuredmedia":[{"embeddable":true,"href":"http:\/\/www.prwestglobal.com\/index.php\/wp-json\/wp\/v2\/media\/5138"}],"wp:attachment":[{"href":"http:\/\/www.prwestglobal.com\/index.php\/wp-json\/wp\/v2\/media?parent=5137"}],"wp:term":[{"taxonomy":"category","embeddable":true,"href":"http:\/\/www.prwestglobal.com\/index.php\/wp-json\/wp\/v2\/categories?post=5137"},{"taxonomy":"post_tag","embeddable":true,"href":"http:\/\/www.prwestglobal.com\/index.php\/wp-json\/wp\/v2\/tags?post=5137"}],"curies":[{"name":"wp","href":"https:\/\/api.w.org\/{rel}","templated":true}]}}