{"id":5229,"date":"2025-01-30T08:35:31","date_gmt":"2025-01-30T08:35:31","guid":{"rendered":"http:\/\/www.prwestglobal.com\/?p=5229"},"modified":"2025-02-22T22:22:36","modified_gmt":"2025-02-22T22:22:36","slug":"cw-enerjiden-7-5-milyon-dolarlik-panel-satisi","status":"publish","type":"post","link":"http:\/\/www.prwestglobal.com\/index.php\/2025\/01\/30\/cw-enerjiden-7-5-milyon-dolarlik-panel-satisi\/","title":{"rendered":"CW Enerji\u2019den 7.5 milyon dolarl\u0131k panel sat\u0131\u015f\u0131"},"content":{"rendered":"<ul>\n<li style=\"text-align: justify;\"><strong>CW Enerji <\/strong><strong>ile yurt i\u00e7erisinde yerle\u015fik bir m\u00fc\u015fterisi aras\u0131nda g\u00fcne\u015f enerjisi paneli sat\u0131\u015f\u0131 konusunda KDV hari\u00e7 7.565.346,00 dolar tutarl\u0131 bir s\u00f6zle\u015fme imzaland\u0131. S\u00f6z konusu \u00fcr\u00fcnlerin teslimat\u0131n\u0131n 2025 y\u0131l\u0131n\u0131n son \u00e7eyre\u011fi i\u00e7erisinde tamamlanmas\u0131 planlan\u0131yor.<\/strong><\/li>\n<\/ul>\n<p style=\"text-align: justify;\"><strong>\u00a0<\/strong><strong>Antalya, <\/strong>30.01.2025 \u2013 CW Enerji, birbiri ard\u0131na anla\u015fmalara imza atmaya devam ediyor. Firma ile yurt i\u00e7erisinde yerle\u015fik bir m\u00fc\u015fterisi aras\u0131nda g\u00fcne\u015f enerjisi paneli sat\u0131\u015f\u0131 konusunda KDV hari\u00e7 7.565.346,00 dolar tutarl\u0131 bir s\u00f6zle\u015fme imzaland\u0131.<\/p>\n<p style=\"text-align: justify;\">Konu hakk\u0131nda a\u00e7\u0131klamalarda bulunan CW Enerji Y\u00f6netim Kurulu Ba\u015fkan\u0131 Tar\u0131k Sarvan, g\u00fcne\u015f enerjisi sekt\u00f6r\u00fcnde g\u00fc\u00e7l\u00fc anla\u015fmalara imza atmaya devam ettiklerini s\u00f6yledi. Sarvan, kurulduklar\u0131 g\u00fcnden bu yana s\u00fcrd\u00fcr\u00fclebilir bir b\u00fcy\u00fcme ve yenilik\u00e7ilik anlay\u0131\u015f\u0131yla yol almay\u0131 s\u00fcrd\u00fcrd\u00fcklerini ifade ederek, \u201c\u0130mza att\u0131\u011f\u0131m\u0131z anla\u015fmalar ile \u00fclke ekonomisine katk\u0131da bulundu\u011fumuz i\u00e7in mutluyuz. Uzun y\u0131llard\u0131r s\u00fcrd\u00fcr\u00fclebilir enerji \u00e7\u00f6z\u00fcmleri geli\u015ftirerek T\u00fcrkiye\u2019de ve d\u00fcnyada temiz enerji d\u00f6n\u00fc\u015f\u00fcm\u00fcne katk\u0131 sa\u011fl\u0131yoruz. Yenilenebilir enerji kaynaklar\u0131n\u0131n yayg\u0131nla\u015ft\u0131r\u0131lmas\u0131 ve karbon ayak izinin azalt\u0131lmas\u0131 amac\u0131nday\u0131z\u201d dedi.<\/p>\n<p style=\"text-align: justify;\">Bu kapsamda yeni bir anla\u015fmaya imza att\u0131klar\u0131n\u0131 dile getiren Sarvan, yap\u0131lan bu anla\u015fma ile ayn\u0131 zamanda T\u00fcrkiye\u2019nin enerji sekt\u00f6r\u00fcndeki d\u00f6n\u00fc\u015f\u00fcm\u00fcne y\u00f6nelik \u00f6nemli bir ad\u0131m daha att\u0131klar\u0131n\u0131 kaydetti.<\/p>\n<p style=\"text-align: justify;\"><strong>T\u00fcrkiye\u2019deki enerji d\u00f6n\u00fc\u015f\u00fcm\u00fcne katk\u0131<\/strong><\/p>\n<p style=\"text-align: justify;\">CW Enerji olarak yurt i\u00e7erisinde yerle\u015fik bir m\u00fc\u015fterileri ile g\u00fcne\u015f enerjisi paneli sat\u0131\u015f\u0131 konusunda KDV hari\u00e7 7.565.346,00 dolar tutar\u0131nda bir s\u00f6zle\u015fme imzalad\u0131klar\u0131n\u0131 belirten Sarvan, s\u00f6z konusu \u00fcr\u00fcnlerin teslimat\u0131n\u0131n 2025 y\u0131l\u0131n\u0131n son \u00e7eyre\u011fi i\u00e7erisinde tamamlanmas\u0131n\u0131n planland\u0131\u011f\u0131n\u0131 s\u00f6yledi.<\/p>\n<p style=\"text-align: justify;\">Son teknoloji \u00fcr\u00fcnleri ve y\u00fcksek verimli g\u00fcne\u015f panelleri ile m\u00fc\u015fterilerine s\u00fcrd\u00fcr\u00fclebilir ve ekonomik \u00e7\u00f6z\u00fcmler sunduklar\u0131n\u0131 ifade eden Sarvan, \u201cT\u00fcrkiye\u2019yi yenilenebilir enerji alan\u0131nda daha g\u00fc\u00e7l\u00fc bir konuma ta\u015f\u0131mak ve \u00e7evreci enerji \u00e7\u00f6z\u00fcmlerimizi daha geni\u015f kitlelere ula\u015ft\u0131rmak amac\u0131yla \u00e7al\u0131\u015fmalar\u0131m\u0131z\u0131 s\u00fcrd\u00fcr\u00fcyoruz. Hayata ge\u00e7irdi\u011fimiz projelerle de T\u00fcrkiye\u2019deki enerji d\u00f6n\u00fc\u015f\u00fcm\u00fcne katk\u0131 sunarken, yenilenebilir enerjiye yat\u0131r\u0131m yapmak isteyen firmalar i\u00e7in de g\u00fc\u00e7l\u00fc bir \u00e7\u00f6z\u00fcm orta\u011f\u0131 oluyoruz\u201d diye konu\u015ftu.<\/p>\n<p style=\"text-align: justify;\">Sarvan, yeni anla\u015fmalara imza atmaya ve katma de\u011ferli \u00fcr\u00fcnleri ile sekt\u00f6r ad\u0131na kazan\u0131mlar sa\u011flamaya devam edeceklerini de s\u00f6zlerine ekledi.<\/p>\n<p style=\"text-align: justify;\">\n<p style=\"text-align: justify;\"><img loading=\"lazy\" decoding=\"async\" class=\"alignnone size-medium wp-image-5192\" src=\"http:\/\/www.prwestglobal.com\/wp-content\/uploads\/2024\/12\/TARIK-SARVAN-1-300x202.jpg\"  alt=\"CW Enerji\u2019den 7.5 milyon dolarl\u0131k panel sat\u0131\u015f\u0131\"  width=\"300\" height=\"202\" srcset=\"http:\/\/www.prwestglobal.com\/wp-content\/uploads\/2024\/12\/TARIK-SARVAN-1-300x202.jpg 300w, http:\/\/www.prwestglobal.com\/wp-content\/uploads\/2024\/12\/TARIK-SARVAN-1-1024x690.jpg 1024w, http:\/\/www.prwestglobal.com\/wp-content\/uploads\/2024\/12\/TARIK-SARVAN-1-768x517.jpg 768w, http:\/\/www.prwestglobal.com\/wp-content\/uploads\/2024\/12\/TARIK-SARVAN-1-1536x1035.jpg 1536w, http:\/\/www.prwestglobal.com\/wp-content\/uploads\/2024\/12\/TARIK-SARVAN-1-600x403.jpg 600w, http:\/\/www.prwestglobal.com\/wp-content\/uploads\/2024\/12\/TARIK-SARVAN-1-900x604.jpg 900w, http:\/\/www.prwestglobal.com\/wp-content\/uploads\/2024\/12\/TARIK-SARVAN-1-400x269.jpg 400w, http:\/\/www.prwestglobal.com\/wp-content\/uploads\/2024\/12\/TARIK-SARVAN-1.jpg 1980w\" sizes=\"auto, (max-width: 300px) 100vw, 300px\" \/><\/p>\n","protected":false},"excerpt":{"rendered":"<p>CW Enerji ile yurt i\u00e7erisinde yerle\u015fik bir m\u00fc\u015fterisi aras\u0131nda g\u00fcne\u015f enerjisi paneli sat\u0131\u015f\u0131 konusunda KDV hari\u00e7 7.565.346,00 dolar tutarl\u0131 bir s\u00f6zle\u015fme imzaland\u0131. S\u00f6z konusu \u00fcr\u00fcnlerin teslimat\u0131n\u0131n 2025 y\u0131l\u0131n\u0131n son \u00e7eyre\u011fi&#8230;<\/p>\n","protected":false},"author":1,"featured_media":5192,"comment_status":"closed","ping_status":"closed","sticky":false,"template":"","format":"standard","meta":{"footnotes":""},"categories":[8],"tags":[191],"class_list":{"0":"post-5229","1":"post","2":"type-post","3":"status-publish","4":"format-standard","5":"has-post-thumbnail","7":"category-basin","8":"tag-cw-enerji"},"jetpack_featured_media_url":"http:\/\/www.prwestglobal.com\/wp-content\/uploads\/2024\/12\/TARIK-SARVAN-1.jpg","_links":{"self":[{"href":"http:\/\/www.prwestglobal.com\/index.php\/wp-json\/wp\/v2\/posts\/5229","targetHints":{"allow":["GET"]}}],"collection":[{"href":"http:\/\/www.prwestglobal.com\/index.php\/wp-json\/wp\/v2\/posts"}],"about":[{"href":"http:\/\/www.prwestglobal.com\/index.php\/wp-json\/wp\/v2\/types\/post"}],"author":[{"embeddable":true,"href":"http:\/\/www.prwestglobal.com\/index.php\/wp-json\/wp\/v2\/users\/1"}],"replies":[{"embeddable":true,"href":"http:\/\/www.prwestglobal.com\/index.php\/wp-json\/wp\/v2\/comments?post=5229"}],"version-history":[{"count":3,"href":"http:\/\/www.prwestglobal.com\/index.php\/wp-json\/wp\/v2\/posts\/5229\/revisions"}],"predecessor-version":[{"id":5262,"href":"http:\/\/www.prwestglobal.com\/index.php\/wp-json\/wp\/v2\/posts\/5229\/revisions\/5262"}],"wp:featuredmedia":[{"embeddable":true,"href":"http:\/\/www.prwestglobal.com\/index.php\/wp-json\/wp\/v2\/media\/5192"}],"wp:attachment":[{"href":"http:\/\/www.prwestglobal.com\/index.php\/wp-json\/wp\/v2\/media?parent=5229"}],"wp:term":[{"taxonomy":"category","embeddable":true,"href":"http:\/\/www.prwestglobal.com\/index.php\/wp-json\/wp\/v2\/categories?post=5229"},{"taxonomy":"post_tag","embeddable":true,"href":"http:\/\/www.prwestglobal.com\/index.php\/wp-json\/wp\/v2\/tags?post=5229"}],"curies":[{"name":"wp","href":"https:\/\/api.w.org\/{rel}","templated":true}]}}