{"id":5348,"date":"2025-05-05T08:40:29","date_gmt":"2025-05-05T08:40:29","guid":{"rendered":"http:\/\/www.prwestglobal.com\/?p=5348"},"modified":"2025-05-05T08:40:29","modified_gmt":"2025-05-05T08:40:29","slug":"cw-enerji-intersolar-europe-fuarinda-sektorun-gelecegine-yon-vermeye-hazirlaniyor","status":"publish","type":"post","link":"http:\/\/www.prwestglobal.com\/index.php\/2025\/05\/05\/cw-enerji-intersolar-europe-fuarinda-sektorun-gelecegine-yon-vermeye-hazirlaniyor\/","title":{"rendered":"CW Enerji Intersolar Europe Fuar\u0131\u2019nda sekt\u00f6r\u00fcn gelece\u011fine y\u00f6n vermeye haz\u0131rlan\u0131yor"},"content":{"rendered":"<ul>\n<li style=\"text-align: justify;\"><strong>CW Enerji, 7-9 May\u0131s tarihleri aras\u0131nda Almanya\u2019n\u0131n M\u00fcnih kentinde d\u00fczenlenecek olan Intersolar Europe 2025 Fuar\u0131\u2019nda yerini alacak. G\u00fcne\u015f enerjisi sekt\u00f6r\u00fcn\u00fcn en prestijli uluslararas\u0131 etkinliklerinden biri olan bu fuarda firma, y\u00fcksek teknolojiyle geli\u015ftirdi\u011fi yenilik\u00e7i \u00fcr\u00fcn ve \u00e7\u00f6z\u00fcmlerini global ziyaret\u00e7ilerle bulu\u015fturacak.<\/strong><\/li>\n<\/ul>\n<p style=\"text-align: justify;\"><strong>\u00a0\u00a0\u00a0\u00a0\u00a0\u00a0\u00a0\u00a0\u00a0\u00a0\u00a0\u00a0\u00a0\u00a0\u00a0\u00a0\u00a0\u00a0\u00a0\u00a0\u00a0\u00a0\u00a0\u00a0\u00a0\u00a0\u00a0\u00a0\u00a0\u00a0\u00a0\u00a0\u00a0\u00a0\u00a0\u00a0\u00a0\u00a0\u00a0\u00a0\u00a0\u00a0\u00a0\u00a0\u00a0\u00a0\u00a0\u00a0\u00a0\u00a0 <\/strong><\/p>\n<p style=\"text-align: justify;\"><strong>Antalya, <\/strong>05.05.2025 \u2013 CW Enerji, 7-9 May\u0131s tarihleri aras\u0131nda Almanya\u2019n\u0131n M\u00fcnih \u015fehrinde ger\u00e7ekle\u015fecek olan Intersolar Europe Fuar\u0131\u2019nda yerini alacak.<\/p>\n<p style=\"text-align: justify;\">Fuar hakk\u0131nda de\u011ferlendirmelerde bulunan CW Enerji Y\u00f6netim Kurulu Ba\u015fkan\u0131 Tar\u0131k Sarvan, \u015firketin hem ulusal hem de uluslararas\u0131 d\u00fczeydeki fuar ve etkinliklerde aktif olarak yer almaya devam etti\u011fini belirtti.<\/p>\n<p style=\"text-align: justify;\">\u201cCW Enerji olarak, yenilenebilir enerji alan\u0131ndaki g\u00fc\u00e7l\u00fc vizyonumuzu bir kez daha uluslararas\u0131 arenaya ta\u015f\u0131yoruz. 7-9 May\u0131s tarihleri aras\u0131nda Almanya\u2019n\u0131n M\u00fcnih kentinde d\u00fczenlenecek Intersolar Europe 2025 Fuar\u0131\u2019nda, M\u00fcnih Uluslararas\u0131 Kongre Merkezi\u2019nde (ICM) Hall 1, Stand 360\u2019ta ziyaret\u00e7ilerimizi a\u011f\u0131rlamaktan b\u00fcy\u00fck memnuniyet duyaca\u011f\u0131z\u201d diyen Sarvan, fuar haz\u0131rl\u0131klar\u0131n\u0131 tamamlad\u0131klar\u0131n\u0131 ifade etti.<\/p>\n<p style=\"text-align: justify;\">Sarvan a\u00e7\u0131klamas\u0131n\u0131n devam\u0131nda, her fuarda oldu\u011fu gibi bu fuarda da alan\u0131nda uzman ekip arkada\u015flar\u0131yla birlikte yer alacaklar\u0131n\u0131 vurgulayarak, \u201cZiyaret\u00e7ilerimize \u00fcr\u00fcnlerimizi detayl\u0131 bi\u00e7imde tan\u0131tacak, sekt\u00f6rdeki son yenilikleri ve i\u015f birlikleri f\u0131rsatlar\u0131n\u0131 yak\u0131ndan de\u011ferlendirece\u011fiz\u201d ifadelerini kulland\u0131.<\/p>\n<p style=\"text-align: justify;\"><strong>Geni\u015f \u00dcr\u00fcn Yelpazemizle Intersolar\u2019da Yer Al\u0131yoruz<\/strong><\/p>\n<p style=\"text-align: justify;\">Intersolar Europe Fuar\u0131\u2019nda d\u00fcnyan\u0131n d\u00f6rt bir yan\u0131ndan enerji sekt\u00f6r\u00fc profesyonelleriyle bir araya geleceklerini belirten <strong>CW Enerji Y\u00f6netim Kurulu Ba\u015fkan\u0131 Tar\u0131k Sarvan<\/strong>, \u015fu de\u011ferlendirmede bulundu: \u201cFuarda y\u00fcksek teknolojiye sahip \u00fcr\u00fcnlerimizi, s\u00fcrd\u00fcr\u00fclebilir enerji \u00e7\u00f6z\u00fcmlerimizi ve gelece\u011fin enerji d\u00fcnyas\u0131na y\u00f6n verecek projelerimizi uluslararas\u0131 kat\u0131l\u0131mc\u0131larla bulu\u015fturaca\u011f\u0131z. Yeni nesil y\u00fcksek verimli g\u00fcne\u015f panellerimiz, on-grid \/ off-grid inverter \u00e7\u00f6z\u00fcmlerimiz, lityum tabanl\u0131 enerji depolama sistemlerimiz, solar ak\u0131ll\u0131 ev teknolojilerimiz, \u0131s\u0131 pompalar\u0131m\u0131z, esnek panellerimiz, solar sulama sistemlerimiz, solar bank ile solar ayd\u0131nlatma \u00e7\u00f6z\u00fcmlerimiz de fuarda sergilenecek yenilik\u00e7i \u00fcr\u00fcn gruplar\u0131m\u0131z aras\u0131nda yer alacak.\u201d<\/p>\n<p style=\"text-align: justify;\">Ayr\u0131ca, fuar kapsam\u0131nda CW Enerji\u2019nin tam entegre \u00fcretim yap\u0131s\u0131na y\u00f6nelik att\u0131\u011f\u0131 stratejik ad\u0131mlar da ziyaret\u00e7ilere aktar\u0131lacak. G\u00fcne\u015f paneli \u00fcretiminin en kritik a\u015famalar\u0131ndan biri olan <strong>fotovoltaik h\u00fccre<\/strong> \u00fcretimini kendi b\u00fcnyesinde ger\u00e7ekle\u015ftirecek olan <strong>CW SolarCell<\/strong>, y\u00fcksek teknolojiye sahip tesislerinde y\u00fcksek verimli ve dayan\u0131kl\u0131 h\u00fccreler \u00fcreterek global enerji d\u00f6n\u00fc\u015f\u00fcm\u00fcne katk\u0131 sa\u011flayacakt\u0131r. \u00d6te yandan, <strong>CW Al\u00fcminyum<\/strong> markas\u0131yla geli\u015ftirilen yerli \u00fcretim \u00e7er\u00e7eve, montaj ve altyap\u0131 \u00e7\u00f6z\u00fcmleri; projelere \u00f6zel m\u00fchendislik yakla\u015f\u0131m\u0131yla, uzun \u00f6m\u00fcrl\u00fc ve fonksiyonel sistemler sunuyor. Bu iki stratejik yat\u0131r\u0131m da, CW Enerji\u2019nin <strong>tam entegre \u00fcretim tesisi<\/strong> vizyonunu ger\u00e7e\u011fe d\u00f6n\u00fc\u015ft\u00fcr\u00fcrken; fuar kat\u0131l\u0131mc\u0131lar\u0131na da, \u00fcretimden nihai \u00fcr\u00fcne kadar uzanan s\u00fcrd\u00fcr\u00fclebilir ve g\u00fcvenilir bir tedarik zinciri sunma g\u00fcc\u00fcn\u00fc a\u00e7\u0131k\u00e7a ortaya koyacak.<\/p>\n<p style=\"text-align: justify;\"><strong>CW Enerji \u0130novatif \u00dcr\u00fcnleriyle Almanya\u2019da Global Sahneye \u00c7\u0131k\u0131yor<\/strong><\/p>\n<p style=\"text-align: justify;\">Yenilenebilir enerji sekt\u00f6r\u00fcn\u00fcn en prestijli bulu\u015fmalar\u0131ndan biri olan Intersolar Europe Fuar\u0131\u2019nda bir kez daha yer almaktan b\u00fcy\u00fck bir heyecan duyduklar\u0131n\u0131 belirten <strong>CW Enerji Y\u00f6netim Kurulu Ba\u015fkan\u0131 Tar\u0131k Sarvan<\/strong>, \u015fu ifadelerde bulundu: \u201c\u00dclkemizi uluslararas\u0131 platformlarda en iyi \u015fekilde temsil etmek, sekt\u00f6r\u00fcm\u00fcz\u00fcn k\u00fcresel rekabet g\u00fcc\u00fcn\u00fc art\u0131rmak ve s\u00fcrd\u00fcr\u00fclebilir gelece\u011fe katk\u0131 sunmak ad\u0131na var g\u00fcc\u00fcm\u00fczle \u00e7al\u0131\u015f\u0131yoruz. Intersolar Europe Fuar\u0131\u2019nda inovasyon odakl\u0131 yakla\u015f\u0131m\u0131m\u0131z\u0131 ve enerji teknolojilerinde ula\u015ft\u0131\u011f\u0131m\u0131z seviyeyi t\u00fcm d\u00fcnyaya g\u00f6stermeyi hedefliyoruz. Enerji d\u00f6n\u00fc\u015f\u00fcm\u00fcn\u00fcn h\u0131z kazand\u0131\u011f\u0131 bu d\u00f6nemde, yerli ve milli \u00fcretim g\u00fcc\u00fcm\u00fczle global pazarda s\u00f6z sahibi olmaya devam ediyoruz. Bu g\u00fcc\u00fcm\u00fcz\u00fc d\u00fcnyan\u0131n d\u00f6rt bir yan\u0131ndan gelen ziyaret\u00e7ilerle payla\u015facak olmaktan dolay\u0131 b\u00fcy\u00fck gurur duyuyoruz.\u201d<\/p>\n<p style=\"text-align: justify;\">Sarvan, Intersolar Europe Fuar\u0131\u2019nda ziyaret\u00e7ilerle birebir temas kurarak hem mevcut projelerini payla\u015fmay\u0131 hem de yeni i\u015f birliklerinin temelini atmay\u0131 ama\u00e7lad\u0131klar\u0131n\u0131 da s\u00f6zlerine ekledi.<\/p>\n<p style=\"text-align: justify;\"><img loading=\"lazy\" decoding=\"async\" class=\"alignnone size-medium wp-image-5192\" src=\"http:\/\/www.prwestglobal.com\/wp-content\/uploads\/2024\/12\/TARIK-SARVAN-1-300x202.jpg\"  alt=\"CW Enerji Intersolar Europe Fuar\u0131\u2019nda sekt\u00f6r\u00fcn gelece\u011fine y\u00f6n vermeye haz\u0131rlan\u0131yor\"  width=\"300\" height=\"202\" srcset=\"http:\/\/www.prwestglobal.com\/wp-content\/uploads\/2024\/12\/TARIK-SARVAN-1-300x202.jpg 300w, http:\/\/www.prwestglobal.com\/wp-content\/uploads\/2024\/12\/TARIK-SARVAN-1-1024x690.jpg 1024w, http:\/\/www.prwestglobal.com\/wp-content\/uploads\/2024\/12\/TARIK-SARVAN-1-768x517.jpg 768w, http:\/\/www.prwestglobal.com\/wp-content\/uploads\/2024\/12\/TARIK-SARVAN-1-1536x1035.jpg 1536w, http:\/\/www.prwestglobal.com\/wp-content\/uploads\/2024\/12\/TARIK-SARVAN-1-600x403.jpg 600w, http:\/\/www.prwestglobal.com\/wp-content\/uploads\/2024\/12\/TARIK-SARVAN-1-900x604.jpg 900w, http:\/\/www.prwestglobal.com\/wp-content\/uploads\/2024\/12\/TARIK-SARVAN-1-400x269.jpg 400w, http:\/\/www.prwestglobal.com\/wp-content\/uploads\/2024\/12\/TARIK-SARVAN-1.jpg 1980w\" sizes=\"auto, (max-width: 300px) 100vw, 300px\" \/><\/p>\n<p style=\"text-align: justify;\">\n","protected":false},"excerpt":{"rendered":"<p>CW Enerji, 7-9 May\u0131s tarihleri aras\u0131nda Almanya\u2019n\u0131n M\u00fcnih kentinde d\u00fczenlenecek olan Intersolar Europe 2025 Fuar\u0131\u2019nda yerini alacak. G\u00fcne\u015f enerjisi sekt\u00f6r\u00fcn\u00fcn en prestijli uluslararas\u0131 etkinliklerinden biri olan bu fuarda firma, y\u00fcksek&#8230;<\/p>\n","protected":false},"author":1,"featured_media":0,"comment_status":"closed","ping_status":"closed","sticky":false,"template":"","format":"standard","meta":{"footnotes":""},"categories":[8],"tags":[191],"class_list":{"0":"post-5348","1":"post","2":"type-post","3":"status-publish","4":"format-standard","6":"category-basin","7":"tag-cw-enerji"},"jetpack_featured_media_url":"","_links":{"self":[{"href":"http:\/\/www.prwestglobal.com\/index.php\/wp-json\/wp\/v2\/posts\/5348","targetHints":{"allow":["GET"]}}],"collection":[{"href":"http:\/\/www.prwestglobal.com\/index.php\/wp-json\/wp\/v2\/posts"}],"about":[{"href":"http:\/\/www.prwestglobal.com\/index.php\/wp-json\/wp\/v2\/types\/post"}],"author":[{"embeddable":true,"href":"http:\/\/www.prwestglobal.com\/index.php\/wp-json\/wp\/v2\/users\/1"}],"replies":[{"embeddable":true,"href":"http:\/\/www.prwestglobal.com\/index.php\/wp-json\/wp\/v2\/comments?post=5348"}],"version-history":[{"count":2,"href":"http:\/\/www.prwestglobal.com\/index.php\/wp-json\/wp\/v2\/posts\/5348\/revisions"}],"predecessor-version":[{"id":5350,"href":"http:\/\/www.prwestglobal.com\/index.php\/wp-json\/wp\/v2\/posts\/5348\/revisions\/5350"}],"wp:attachment":[{"href":"http:\/\/www.prwestglobal.com\/index.php\/wp-json\/wp\/v2\/media?parent=5348"}],"wp:term":[{"taxonomy":"category","embeddable":true,"href":"http:\/\/www.prwestglobal.com\/index.php\/wp-json\/wp\/v2\/categories?post=5348"},{"taxonomy":"post_tag","embeddable":true,"href":"http:\/\/www.prwestglobal.com\/index.php\/wp-json\/wp\/v2\/tags?post=5348"}],"curies":[{"name":"wp","href":"https:\/\/api.w.org\/{rel}","templated":true}]}}