{"id":5683,"date":"2026-03-13T12:11:09","date_gmt":"2026-03-13T12:11:09","guid":{"rendered":"http:\/\/www.prwestglobal.com\/?p=5683"},"modified":"2026-03-13T12:11:09","modified_gmt":"2026-03-13T12:11:09","slug":"satinalma-dunyasi-istanbulda-bulusuyor","status":"publish","type":"post","link":"http:\/\/www.prwestglobal.com\/index.php\/2026\/03\/13\/satinalma-dunyasi-istanbulda-bulusuyor\/","title":{"rendered":"Sat\u0131nalma D\u00fcnyas\u0131 \u0130stanbul\u2019da Bulu\u015fuyor"},"content":{"rendered":"<p>Sat\u0131nalma d\u00fcnyas\u0131n\u0131n en \u00f6nemli bulu\u015fmalar\u0131ndan biri olan Stratejik Sat\u0131nalma Derne\u011fi (SSD) Zirvesi i\u00e7in geri say\u0131m ba\u015flad\u0131.<\/p>\n<p>Bu y\u0131l be\u015finci kez d\u00fczenlenecek olan Stratejik Sat\u0131nalma Derne\u011fi Zirvesi, 4 Nisan 2026 tarihinde \u0130stanbul\u2019da sekt\u00f6r profesyonellerini bir araya getirecek.<\/p>\n<p>\u201cSat\u0131nalmada Ak\u0131l Oyunlar\u0131\u201d temas\u0131yla ger\u00e7ekle\u015ftirilecek zirve, sat\u0131nalma stratejilerinin de\u011fi\u015fen i\u015f d\u00fcnyas\u0131nda nas\u0131l yeniden \u015fekillendi\u011fini ele alacak.<\/p>\n<p>Zirve boyunca sekt\u00f6r liderleri, stratejik karar alma s\u00fcre\u00e7leri, k\u00fcresel rekabet, tedarik zinciri y\u00f6netimi ve gelece\u011fin sat\u0131nalma yakla\u015f\u0131mlar\u0131n\u0131 kat\u0131l\u0131mc\u0131larla payla\u015facak.<\/p>\n<p>Crowne Plaza \u0130stanbul Asia\u2019da d\u00fczenlenecek etkinlikte; i\u015f d\u00fcnyas\u0131n\u0131n \u00f6nde gelen isimleri, y\u00f6neticiler ve sat\u0131nalma profesyonelleri g\u00fcn boyu s\u00fcrecek oturumlarda bulu\u015facak.<\/p>\n<p>Zirvenin sunuculu\u011funu ise Ekot\u00fcrk televizyon sunucusu Mert Ayd\u0131ner \u00fcstlenecek.<\/p>\n<p>&nbsp;<\/p>\n<p><strong>\u0130\u015f D\u00fcnyas\u0131n\u0131n \u00d6nemli \u0130simleri Sahne Alacak<\/strong><\/p>\n<p>SSD 5. Zirvesi\u2019nin konu\u015fmac\u0131lar\u0131 aras\u0131nda T\u00fcrkiye i\u015f d\u00fcnyas\u0131n\u0131n \u00f6nemli liderleri yer al\u0131yor.<\/p>\n<p>Zirvede; <strong>T\u00fcrkiye \u0130hracat\u00e7\u0131lar Meclisi (T\u0130M) Ba\u015fkan\u0131 Mustafa G\u00fcltepe, Toyota T\u00fcrkiye CEO ve Genel M\u00fcd\u00fcr\u00fc Murat B\u00fclb\u00fcl<\/strong>,<strong> Otomotiv End\u00fcstrisi \u0130hracat\u00e7\u0131lar\u0131 Birli\u011fi Y\u00f6netim Kurulu Ba\u015fkan\u0131 Baran \u00c7elik<\/strong>,<strong> Dalgak\u0131ran Kompres\u00f6r Y\u00f6netim Kurulu Ba\u015fkan\u0131<\/strong> <strong>Adnan Dalgak\u0131ran ile Biyolog ve Sinir Bilim Uzman\u0131<\/strong> <strong>Sinan Canan <\/strong>gibi isimler bilgi ve deneyimlerini kat\u0131l\u0131mc\u0131larla payla\u015facak.<\/p>\n<p>Zirvenin G\u0131da Oturumunda ise <strong>Beg\u00fcm Referans Holding Y\u00f6netim Kurulu Ba\u015fkan\u0131 Yusuf Bakio\u011flu ile Matl\u0131 Holding Y\u00f6netim Kurulu Ba\u015fkan Yard\u0131mc\u0131s\u0131 \u00d6nder Matl\u0131<\/strong> kat\u0131l\u0131mc\u0131larla bulu\u015facak.<\/p>\n<p>&nbsp;<\/p>\n<p><strong>Zirveye \u0130lgi Her Y\u0131l Art\u0131yor<\/strong><\/p>\n<p>Stratejik Sat\u0131nalma Derne\u011fi Zirvesi, her y\u0131l artan kat\u0131l\u0131mc\u0131 say\u0131s\u0131yla sat\u0131nalma ekosisteminin en \u00f6nemli bulu\u015fmalar\u0131ndan biri haline geldi. 2023 y\u0131l\u0131nda 600 kat\u0131l\u0131mc\u0131yla ba\u015flayan zirve, 2024 y\u0131l\u0131nda 700 ki\u015fiye, 2025 y\u0131l\u0131nda ise 800 kat\u0131l\u0131mc\u0131ya ula\u015ft\u0131.<\/p>\n<p>Artan kat\u0131l\u0131m; zirvenin i\u00e7erik kalitesi, sekt\u00f6rel \u00e7e\u015fitlili\u011fi ve g\u00fc\u00e7l\u00fc profesyonel toplulu\u011funun s\u00fcrd\u00fcr\u00fclebilir bi\u00e7imde b\u00fcy\u00fcd\u00fc\u011f\u00fcn\u00fc g\u00f6steriyor.<\/p>\n<p>Zirveye kat\u0131lan profesyoneller; uzman, y\u00f6netici ve \u00fcst d\u00fczey y\u00f6neticilerden olu\u015furken, otomotiv, imalat, g\u0131da, enerji, lojistik ve hizmet sekt\u00f6rleri ba\u015fta olmak \u00fczere geni\u015f bir i\u015f d\u00fcnyas\u0131 temsil ediliyor.<\/p>\n<p><strong>\u00a0<\/strong><\/p>\n<p><strong>Sat\u0131nalmada Do\u011fru Hamleler Konu\u015fulacak<\/strong><\/p>\n<p>SSD 5. Zirvesi, de\u011fi\u015fen ekonomik ko\u015fullar ve k\u00fcresel rekabet ortam\u0131nda sat\u0131nalma profesyonellerinin do\u011fru stratejik hamleleri nas\u0131l geli\u015ftirebilece\u011fine odaklanacak. Zirvede; veri odakl\u0131 karar alma, s\u00fcrd\u00fcr\u00fclebilir tedarik zincirleri, risk y\u00f6netimi ve yeni nesil sat\u0131nalma yakla\u015f\u0131mlar\u0131 ele al\u0131nacak.<\/p>\n<p>Sekt\u00f6r profesyonelleri i\u00e7in \u00f6nemli bir networking platformu sunan zirve, ayn\u0131 zamanda i\u015f d\u00fcnyas\u0131nda stratejik sat\u0131nalman\u0131n artan rol\u00fcne de dikkat \u00e7ekmeyi ama\u00e7l\u0131yor.<\/p>\n<p>\u00d6te yandan, zirve hakk\u0131nda detayl\u0131 bilgi ve kay\u0131t i\u00e7in zirve.ssder.org<\/p>\n<p>&nbsp;<\/p>\n\n\t\t<style type=\"text\/css\">\n\t\t\t#gallery-1 {\n\t\t\t\tmargin: auto;\n\t\t\t}\n\t\t\t#gallery-1 .gallery-item {\n\t\t\t\tfloat: left;\n\t\t\t\tmargin-top: 10px;\n\t\t\t\ttext-align: center;\n\t\t\t\twidth: 33%;\n\t\t\t}\n\t\t\t#gallery-1 img {\n\t\t\t\tborder: 2px solid #cfcfcf;\n\t\t\t}\n\t\t\t#gallery-1 .gallery-caption {\n\t\t\t\tmargin-left: 0;\n\t\t\t}\n\t\t\t\/* see gallery_shortcode() in wp-includes\/media.php *\/\n\t\t<\/style>\n\t\t<div id='gallery-1' class='gallery galleryid-5683 gallery-columns-3 gallery-size-thumbnail'><dl class='gallery-item'>\n\t\t\t<dt class='gallery-icon portrait'>\n\t\t\t\t<a href='http:\/\/www.prwestglobal.com\/wp-content\/uploads\/2026\/03\/konus\u0327macilar.jpg-scaled.jpeg'><img loading=\"lazy\" decoding=\"async\" width=\"150\" height=\"150\" src=\"http:\/\/www.prwestglobal.com\/wp-content\/uploads\/2026\/03\/konus\u0327macilar.jpg-150x150.jpeg\" class=\"attachment-thumbnail size-thumbnail\"  alt=\"Sat\u0131nalma D\u00fcnyas\u0131 \u0130stanbul\u2019da Bulu\u015fuyor\"  srcset=\"http:\/\/www.prwestglobal.com\/wp-content\/uploads\/2026\/03\/konus\u0327macilar.jpg-150x150.jpeg 150w, http:\/\/www.prwestglobal.com\/wp-content\/uploads\/2026\/03\/konus\u0327macilar.jpg-140x140.jpeg 140w, http:\/\/www.prwestglobal.com\/wp-content\/uploads\/2026\/03\/konus\u0327macilar.jpg-100x100.jpeg 100w, http:\/\/www.prwestglobal.com\/wp-content\/uploads\/2026\/03\/konus\u0327macilar.jpg-500x500.jpeg 500w, http:\/\/www.prwestglobal.com\/wp-content\/uploads\/2026\/03\/konus\u0327macilar.jpg-350x350.jpeg 350w, http:\/\/www.prwestglobal.com\/wp-content\/uploads\/2026\/03\/konus\u0327macilar.jpg-1000x1000.jpeg 1000w, http:\/\/www.prwestglobal.com\/wp-content\/uploads\/2026\/03\/konus\u0327macilar.jpg-800x800.jpeg 800w\" sizes=\"auto, (max-width: 150px) 100vw, 150px\" \/><\/a>\n\t\t\t<\/dt><\/dl><dl class='gallery-item'>\n\t\t\t<dt class='gallery-icon landscape'>\n\t\t\t\t<a href='http:\/\/www.prwestglobal.com\/wp-content\/uploads\/2026\/03\/1-1.jpg'><img loading=\"lazy\" decoding=\"async\" width=\"150\" height=\"150\" src=\"http:\/\/www.prwestglobal.com\/wp-content\/uploads\/2026\/03\/1-1-150x150.jpg\" class=\"attachment-thumbnail size-thumbnail\"  alt=\"Sat\u0131nalma D\u00fcnyas\u0131 \u0130stanbul\u2019da Bulu\u015fuyor\"  srcset=\"http:\/\/www.prwestglobal.com\/wp-content\/uploads\/2026\/03\/1-1-150x150.jpg 150w, http:\/\/www.prwestglobal.com\/wp-content\/uploads\/2026\/03\/1-1-140x140.jpg 140w, http:\/\/www.prwestglobal.com\/wp-content\/uploads\/2026\/03\/1-1-100x100.jpg 100w, http:\/\/www.prwestglobal.com\/wp-content\/uploads\/2026\/03\/1-1-500x500.jpg 500w, http:\/\/www.prwestglobal.com\/wp-content\/uploads\/2026\/03\/1-1-350x350.jpg 350w, http:\/\/www.prwestglobal.com\/wp-content\/uploads\/2026\/03\/1-1-1000x1000.jpg 1000w, http:\/\/www.prwestglobal.com\/wp-content\/uploads\/2026\/03\/1-1-800x800.jpg 800w\" sizes=\"auto, (max-width: 150px) 100vw, 150px\" \/><\/a>\n\t\t\t<\/dt><\/dl>\n\t\t\t<br style='clear: both' \/>\n\t\t<\/div>\n\n","protected":false},"excerpt":{"rendered":"<p>Sat\u0131nalma d\u00fcnyas\u0131n\u0131n en \u00f6nemli bulu\u015fmalar\u0131ndan biri olan Stratejik Sat\u0131nalma Derne\u011fi (SSD) Zirvesi i\u00e7in geri say\u0131m ba\u015flad\u0131. Bu y\u0131l be\u015finci kez d\u00fczenlenecek olan Stratejik Sat\u0131nalma Derne\u011fi Zirvesi, 4 Nisan 2026 tarihinde&#8230;<\/p>\n","protected":false},"author":1,"featured_media":5684,"comment_status":"closed","ping_status":"closed","sticky":false,"template":"","format":"standard","meta":{"footnotes":""},"categories":[8],"tags":[372,370,371],"class_list":{"0":"post-5683","1":"post","2":"type-post","3":"status-publish","4":"format-standard","5":"has-post-thumbnail","7":"category-basin","8":"tag-ssd-zirvesi","9":"tag-stratejik-satinalma","10":"tag-stratejik-satinalma-dernegi"},"jetpack_featured_media_url":"http:\/\/www.prwestglobal.com\/wp-content\/uploads\/2026\/03\/1-1.jpg","_links":{"self":[{"href":"http:\/\/www.prwestglobal.com\/index.php\/wp-json\/wp\/v2\/posts\/5683","targetHints":{"allow":["GET"]}}],"collection":[{"href":"http:\/\/www.prwestglobal.com\/index.php\/wp-json\/wp\/v2\/posts"}],"about":[{"href":"http:\/\/www.prwestglobal.com\/index.php\/wp-json\/wp\/v2\/types\/post"}],"author":[{"embeddable":true,"href":"http:\/\/www.prwestglobal.com\/index.php\/wp-json\/wp\/v2\/users\/1"}],"replies":[{"embeddable":true,"href":"http:\/\/www.prwestglobal.com\/index.php\/wp-json\/wp\/v2\/comments?post=5683"}],"version-history":[{"count":2,"href":"http:\/\/www.prwestglobal.com\/index.php\/wp-json\/wp\/v2\/posts\/5683\/revisions"}],"predecessor-version":[{"id":5687,"href":"http:\/\/www.prwestglobal.com\/index.php\/wp-json\/wp\/v2\/posts\/5683\/revisions\/5687"}],"wp:featuredmedia":[{"embeddable":true,"href":"http:\/\/www.prwestglobal.com\/index.php\/wp-json\/wp\/v2\/media\/5684"}],"wp:attachment":[{"href":"http:\/\/www.prwestglobal.com\/index.php\/wp-json\/wp\/v2\/media?parent=5683"}],"wp:term":[{"taxonomy":"category","embeddable":true,"href":"http:\/\/www.prwestglobal.com\/index.php\/wp-json\/wp\/v2\/categories?post=5683"},{"taxonomy":"post_tag","embeddable":true,"href":"http:\/\/www.prwestglobal.com\/index.php\/wp-json\/wp\/v2\/tags?post=5683"}],"curies":[{"name":"wp","href":"https:\/\/api.w.org\/{rel}","templated":true}]}}