{"id":5752,"date":"2026-04-27T08:30:06","date_gmt":"2026-04-27T08:30:06","guid":{"rendered":"http:\/\/www.prwestglobal.com\/?p=5752"},"modified":"2026-04-27T08:30:06","modified_gmt":"2026-04-27T08:30:06","slug":"diz-protezi-her-zaman-kalici-mi-revizyon-ameliyati-ne-zaman-gerekir","status":"publish","type":"post","link":"http:\/\/www.prwestglobal.com\/index.php\/2026\/04\/27\/diz-protezi-her-zaman-kalici-mi-revizyon-ameliyati-ne-zaman-gerekir\/","title":{"rendered":"Diz protezi her zaman kal\u0131c\u0131 m\u0131? Revizyon ameliyat\u0131 ne zaman gerekir?"},"content":{"rendered":"<p>\u201cDiz protezinde zaman i\u00e7inde olu\u015fabilecek enfeksiyon, gev\u015feme veya dengesizlik gibi durumlar ikinci bir ameliyat\u0131 gerekli k\u0131labilir\u201d diyen Nev Sa\u011fl\u0131k Grubu Ortopedi ve Travmatoloji B\u00f6l\u00fcm\u00fc\u2019nden Op. Dr. Murat Alt\u0131nta\u015f, revizyon diz protezi hakk\u0131nda a\u00e7\u0131klamalarda bulundu.<\/p>\n<p>&nbsp;<\/p>\n<p><strong>Revizyon diz protezi nedir?<\/strong><\/p>\n<p><strong>\u00a0<\/strong><\/p>\n<p>Revizyon diz protezinin, daha \u00f6nce diz protezi ameliyat\u0131 olan hastalarda yap\u0131lan protez de\u011fi\u015ftirme ameliyat\u0131 oldu\u011funu belirten Op. Dr. Murat Alt\u0131nta\u015f, baz\u0131 durumlarda eklemdeki protezin yaln\u0131zca bir par\u00e7as\u0131n\u0131n de\u011fi\u015ftirilmesinin yeterli olabildi\u011fini ifade etti. Ancak baz\u0131 hastalarda t\u00fcm protez par\u00e7alar\u0131n\u0131n tamamen de\u011fi\u015ftirilmesi gerekebildi\u011fini belirten Alt\u0131nta\u015f, bu ameliyat\u0131n ayr\u0131nt\u0131l\u0131 bir ameliyat \u00f6ncesi planlama gerektirdi\u011fini s\u00f6yledi.<\/p>\n<p>&nbsp;<\/p>\n<p>Revizyon ameliyatlar\u0131nda \u00f6zel protez setleri ve malzemeleri kullan\u0131ld\u0131\u011f\u0131n\u0131 vurgulayan Alt\u0131nta\u015f, bu operasyonlar\u0131n ayn\u0131 zamanda tecr\u00fcbe gerektirdi\u011fini ve iyile\u015fme s\u00fcresinin di\u011fer diz protezi ameliyatlar\u0131na g\u00f6re daha uzun olabildi\u011fini ifade etti. Diz protezlerinin uzun y\u0131llar sorunsuz kullan\u0131labildi\u011fini de belirten Alt\u0131nta\u015f, diz protezi yap\u0131lan hastalar\u0131n yakla\u015f\u0131k y\u00fczde 90\u2019\u0131n\u0131n protezlerini ortalama 20 y\u0131l boyunca problem ya\u015famadan kullanabildi\u011fini s\u00f6yledi.<\/p>\n<p>&nbsp;<\/p>\n<p><strong>Revizyon ameliyat\u0131 neden yap\u0131l\u0131r?<\/strong><\/p>\n<p><strong>\u00a0<\/strong><\/p>\n<p>Revizyon diz protezi ameliyat\u0131n\u0131n en s\u0131k nedenlerinden birinin enfeksiyon oldu\u011funu belirten Op. Dr. Murat Alt\u0131nta\u015f, diz protezi ameliyatlar\u0131ndan sonra enfeksiyon riskinin y\u00fczde 1\u2019den az oldu\u011funu ancak geli\u015fmesi durumunda hastalarda dizde a\u011fr\u0131, \u015fi\u015flik, k\u0131zar\u0131kl\u0131k, \u0131s\u0131 art\u0131\u015f\u0131 ve bazen ak\u0131nt\u0131 gibi \u015fikayetlerin g\u00f6r\u00fclebildi\u011fini dile getirdi.<\/p>\n<p>&nbsp;<\/p>\n<p>Dizde bo\u015fluk ve dengesizlik olu\u015fmas\u0131n\u0131n da revizyon ameliyat\u0131 gerektirebilen durumlar aras\u0131nda yer ald\u0131\u011f\u0131n\u0131 belirten Alt\u0131nta\u015f, ayakta dururken, dizi hareket ettirirken veya y\u00fcr\u00fcrken gerekli ba\u011f dengesi bozuldu\u011funda dizin i\u015flevselli\u011finin de bozulabilece\u011fini ifade etti.<\/p>\n<p>&nbsp;<\/p>\n<p>Bunun yan\u0131nda, dizde sertlik olu\u015fmas\u0131n\u0131n da revizyon ameliyat\u0131n\u0131 gerektirebilece\u011fini belirten Alt\u0131nta\u015f, geni\u015f kas dokusu veya dizdeki protez bile\u015fenlerinin konumunun hareket a\u00e7\u0131kl\u0131\u011f\u0131n\u0131 engelleyebildi\u011fini s\u00f6yledi. Ayr\u0131ca zaman i\u00e7inde protez par\u00e7alar\u0131nda a\u015f\u0131nma ve gev\u015feme g\u00f6r\u00fclebilece\u011fini ifade eden Alt\u0131nta\u015f, protez \u00e7evresinde olu\u015fan k\u0131r\u0131klar\u0131n da revizyon ameliyat\u0131 gerektirebilen nedenler aras\u0131nda yer ald\u0131\u011f\u0131n\u0131 belirtti.<\/p>\n<p>&nbsp;<\/p>\n<p><strong>Ameliyat nas\u0131l yap\u0131l\u0131r?<\/strong><\/p>\n<p><strong>\u00a0<\/strong><\/p>\n<p>Revizyon diz protezi ameliyat\u0131n\u0131n \u00f6nceki diz ameliyat\u0131ndaki yara izinin bulundu\u011fu b\u00f6lgeden ekleme ula\u015f\u0131larak yap\u0131ld\u0131\u011f\u0131n\u0131 belirten Op. Dr. Murat Alt\u0131nta\u015f, ameliyat s\u0131ras\u0131nda enfeksiyon olup olmad\u0131\u011f\u0131n\u0131n tekrar de\u011ferlendirildi\u011fini ifade etti. Protezin hangi par\u00e7alar\u0131n\u0131n y\u0131prand\u0131\u011f\u0131, gev\u015fedi\u011fi veya yerinden \u00e7\u0131kt\u0131\u011f\u0131n\u0131 belirlemek i\u00e7in protezin metal ve plastik par\u00e7alar\u0131n\u0131n detayl\u0131 \u015fekilde incelendi\u011fini s\u00f6yledi.<\/p>\n<p>&nbsp;<\/p>\n<p>Kemi\u011fi korumak amac\u0131yla protez par\u00e7alar\u0131n\u0131n dikkatli bir \u015fekilde \u00e7\u0131kar\u0131ld\u0131\u011f\u0131n\u0131 ifade eden Alt\u0131nta\u015f, daha \u00f6nce \u00e7imento kullan\u0131lm\u0131\u015fsa \u00e7imento art\u0131klar\u0131n\u0131n temizlendi\u011fini belirtti. Revizyon protezi i\u00e7in kemik y\u00fczeylerinin haz\u0131rland\u0131\u011f\u0131n\u0131 kaydeden Alt\u0131nta\u015f, \u00f6nemli kemik kayb\u0131 bulunan durumlarda protezin ana bile\u015fenlerine metal takviyeli bloklar eklenebildi\u011fini dile getirdi.<\/p>\n<p>&nbsp;<\/p>\n<p>Diz protezi implant\u0131n\u0131n \u00e7imentolu olarak kemi\u011fe yerle\u015ftirildi\u011fini ve tutunmas\u0131n\u0131n sa\u011fland\u0131\u011f\u0131n\u0131 belirten Alt\u0131nta\u015f, ameliyat\u0131n sonunda eklem i\u00e7inde birikebilecek kan ve s\u0131v\u0131n\u0131n bo\u015falt\u0131lmas\u0131 i\u00e7in dren yerle\u015ftirildi\u011fini, ard\u0131ndan eklem kaps\u00fcl\u00fcn\u00fcn onar\u0131ld\u0131\u011f\u0131n\u0131 s\u00f6zlerine ekledi.<\/p>\n<p>&nbsp;<\/p>\n<p>&nbsp;<\/p>\n","protected":false},"excerpt":{"rendered":"<p>\u201cDiz protezinde zaman i\u00e7inde olu\u015fabilecek enfeksiyon, gev\u015feme veya dengesizlik gibi durumlar ikinci bir ameliyat\u0131 gerekli k\u0131labilir\u201d diyen Nev Sa\u011fl\u0131k Grubu Ortopedi ve Travmatoloji B\u00f6l\u00fcm\u00fc\u2019nden Op. Dr. Murat Alt\u0131nta\u015f, revizyon diz&#8230;<\/p>\n","protected":false},"author":1,"featured_media":5753,"comment_status":"closed","ping_status":"closed","sticky":false,"template":"","format":"standard","meta":{"footnotes":""},"categories":[8],"tags":[397],"class_list":{"0":"post-5752","1":"post","2":"type-post","3":"status-publish","4":"format-standard","5":"has-post-thumbnail","7":"category-basin","8":"tag-diz-protezi"},"jetpack_featured_media_url":"http:\/\/www.prwestglobal.com\/wp-content\/uploads\/2026\/04\/Murat-Altintas.jpeg","_links":{"self":[{"href":"http:\/\/www.prwestglobal.com\/index.php\/wp-json\/wp\/v2\/posts\/5752","targetHints":{"allow":["GET"]}}],"collection":[{"href":"http:\/\/www.prwestglobal.com\/index.php\/wp-json\/wp\/v2\/posts"}],"about":[{"href":"http:\/\/www.prwestglobal.com\/index.php\/wp-json\/wp\/v2\/types\/post"}],"author":[{"embeddable":true,"href":"http:\/\/www.prwestglobal.com\/index.php\/wp-json\/wp\/v2\/users\/1"}],"replies":[{"embeddable":true,"href":"http:\/\/www.prwestglobal.com\/index.php\/wp-json\/wp\/v2\/comments?post=5752"}],"version-history":[{"count":1,"href":"http:\/\/www.prwestglobal.com\/index.php\/wp-json\/wp\/v2\/posts\/5752\/revisions"}],"predecessor-version":[{"id":5754,"href":"http:\/\/www.prwestglobal.com\/index.php\/wp-json\/wp\/v2\/posts\/5752\/revisions\/5754"}],"wp:featuredmedia":[{"embeddable":true,"href":"http:\/\/www.prwestglobal.com\/index.php\/wp-json\/wp\/v2\/media\/5753"}],"wp:attachment":[{"href":"http:\/\/www.prwestglobal.com\/index.php\/wp-json\/wp\/v2\/media?parent=5752"}],"wp:term":[{"taxonomy":"category","embeddable":true,"href":"http:\/\/www.prwestglobal.com\/index.php\/wp-json\/wp\/v2\/categories?post=5752"},{"taxonomy":"post_tag","embeddable":true,"href":"http:\/\/www.prwestglobal.com\/index.php\/wp-json\/wp\/v2\/tags?post=5752"}],"curies":[{"name":"wp","href":"https:\/\/api.w.org\/{rel}","templated":true}]}}