{"id":5756,"date":"2026-04-27T13:27:29","date_gmt":"2026-04-27T13:27:29","guid":{"rendered":"http:\/\/www.prwestglobal.com\/?p=5756"},"modified":"2026-04-27T13:27:29","modified_gmt":"2026-04-27T13:27:29","slug":"kircaalisiadda-yonetim-koltugu-cocuklara-emanet-edildi","status":"publish","type":"post","link":"http:\/\/www.prwestglobal.com\/index.php\/2026\/04\/27\/kircaalisiadda-yonetim-koltugu-cocuklara-emanet-edildi\/","title":{"rendered":"KIRCAAL\u0130S\u0130AD\u2019da Y\u00f6netim Koltu\u011fu \u00c7ocuklara Emanet Edildi"},"content":{"rendered":"<p>Bulgaristan K\u00f6kenli Y\u00f6netici, Sanayici ve \u0130\u015f \u0130nsanlar\u0131 Derne\u011fi (KIRCAAL\u0130S\u0130AD), 23 Nisan Ulusal Egemenlik ve \u00c7ocuk Bayram\u0131 kapsam\u0131nda anlaml\u0131 ve renkli bir etkinli\u011fe imza att\u0131.<\/p>\n<p>&nbsp;<\/p>\n<p>KIRCAAL\u0130S\u0130AD Y\u00f6netim Kurulu Ba\u015fkan\u0131 Osman G\u00fcler\u2019in ev sahipli\u011finde, Elektroteks fabrikas\u0131nda ger\u00e7ekle\u015ftirilen etkinlikte \u00e7ocuklar y\u00f6netim toplant\u0131s\u0131n\u0131 temsili olarak y\u00f6netirken, keyifli ve unutulmaz anlar ya\u015fand\u0131. Etkinlikte ortaya \u00e7\u0131kan samimi ve renkli g\u00f6r\u00fcnt\u00fcler, kat\u0131l\u0131mc\u0131lara duygu dolu anlar ya\u015fatt\u0131.<\/p>\n<p>&nbsp;<\/p>\n<p><strong>Gelece\u011fe yat\u0131r\u0131m vurgusu<\/strong><\/p>\n<p>&nbsp;<\/p>\n<p>\u00c7ocuklar\u0131n \u00f6zg\u00fcvenle kendilerini ifade etti\u011fi etkinlikte, onlar\u0131n hayallerine kulak vermenin ve geleceklerine yat\u0131r\u0131m yapman\u0131n \u00f6nemine dikkat \u00e7ekildi.<\/p>\n<p>&nbsp;<\/p>\n<p>Etkinlikte verilen mesajlarda, g\u00fc\u00e7l\u00fc yar\u0131nlar\u0131n mutlu ve bilin\u00e7li \u00e7ocuklarla in\u015fa edilece\u011fi vurgulan\u0131rken, KIRCAAL\u0130S\u0130AD\u2019\u0131n sadece i\u015f d\u00fcnyas\u0131nda de\u011fil, sosyal sorumluluk alan\u0131nda da fark yaratan \u00e7al\u0131\u015fmalara imza atmaya devam edece\u011fi belirtildi.<\/p>\n<p>&nbsp;<\/p>\n<p>23 Nisan Ulusal Egemenlik ve \u00c7ocuk Bayram\u0131 dolay\u0131s\u0131yla d\u00fczenlenen bu \u00f6zel bulu\u015fma hem \u00e7ocuklar hem de kat\u0131l\u0131mc\u0131lar i\u00e7in unutulmaz bir deneyim olurken, gelece\u011fe dair umutlar\u0131 da g\u00fc\u00e7lendirdi.<\/p>\n<p>&nbsp;<\/p>\n\n\t\t<style type=\"text\/css\">\n\t\t\t#gallery-1 {\n\t\t\t\tmargin: auto;\n\t\t\t}\n\t\t\t#gallery-1 .gallery-item {\n\t\t\t\tfloat: left;\n\t\t\t\tmargin-top: 10px;\n\t\t\t\ttext-align: center;\n\t\t\t\twidth: 33%;\n\t\t\t}\n\t\t\t#gallery-1 img {\n\t\t\t\tborder: 2px solid #cfcfcf;\n\t\t\t}\n\t\t\t#gallery-1 .gallery-caption {\n\t\t\t\tmargin-left: 0;\n\t\t\t}\n\t\t\t\/* see gallery_shortcode() in wp-includes\/media.php *\/\n\t\t<\/style>\n\t\t<div id='gallery-1' class='gallery galleryid-5756 gallery-columns-3 gallery-size-thumbnail'><dl class='gallery-item'>\n\t\t\t<dt class='gallery-icon landscape'>\n\t\t\t\t<a href='http:\/\/www.prwestglobal.com\/wp-content\/uploads\/2026\/04\/1-1.jpeg'><img loading=\"lazy\" decoding=\"async\" width=\"150\" height=\"150\" src=\"http:\/\/www.prwestglobal.com\/wp-content\/uploads\/2026\/04\/1-1-150x150.jpeg\" class=\"attachment-thumbnail size-thumbnail\"  alt=\"KIRCAAL\u0130S\u0130AD\u2019da Y\u00f6netim Koltu\u011fu \u00c7ocuklara Emanet Edildi\"  srcset=\"http:\/\/www.prwestglobal.com\/wp-content\/uploads\/2026\/04\/1-1-150x150.jpeg 150w, http:\/\/www.prwestglobal.com\/wp-content\/uploads\/2026\/04\/1-1-140x140.jpeg 140w, http:\/\/www.prwestglobal.com\/wp-content\/uploads\/2026\/04\/1-1-100x100.jpeg 100w, http:\/\/www.prwestglobal.com\/wp-content\/uploads\/2026\/04\/1-1-500x500.jpeg 500w, http:\/\/www.prwestglobal.com\/wp-content\/uploads\/2026\/04\/1-1-350x350.jpeg 350w, http:\/\/www.prwestglobal.com\/wp-content\/uploads\/2026\/04\/1-1-1000x1000.jpeg 1000w, http:\/\/www.prwestglobal.com\/wp-content\/uploads\/2026\/04\/1-1-800x800.jpeg 800w\" sizes=\"auto, (max-width: 150px) 100vw, 150px\" \/><\/a>\n\t\t\t<\/dt><\/dl><dl class='gallery-item'>\n\t\t\t<dt class='gallery-icon landscape'>\n\t\t\t\t<a href='http:\/\/www.prwestglobal.com\/wp-content\/uploads\/2026\/04\/2-1.jpeg'><img loading=\"lazy\" decoding=\"async\" width=\"150\" height=\"150\" src=\"http:\/\/www.prwestglobal.com\/wp-content\/uploads\/2026\/04\/2-1-150x150.jpeg\" class=\"attachment-thumbnail size-thumbnail\"  alt=\"KIRCAAL\u0130S\u0130AD\u2019da Y\u00f6netim Koltu\u011fu \u00c7ocuklara Emanet Edildi\"  srcset=\"http:\/\/www.prwestglobal.com\/wp-content\/uploads\/2026\/04\/2-1-150x150.jpeg 150w, http:\/\/www.prwestglobal.com\/wp-content\/uploads\/2026\/04\/2-1-140x140.jpeg 140w, http:\/\/www.prwestglobal.com\/wp-content\/uploads\/2026\/04\/2-1-100x100.jpeg 100w, http:\/\/www.prwestglobal.com\/wp-content\/uploads\/2026\/04\/2-1-500x500.jpeg 500w, http:\/\/www.prwestglobal.com\/wp-content\/uploads\/2026\/04\/2-1-350x350.jpeg 350w, http:\/\/www.prwestglobal.com\/wp-content\/uploads\/2026\/04\/2-1-1000x1000.jpeg 1000w, http:\/\/www.prwestglobal.com\/wp-content\/uploads\/2026\/04\/2-1-800x800.jpeg 800w\" sizes=\"auto, (max-width: 150px) 100vw, 150px\" \/><\/a>\n\t\t\t<\/dt><\/dl><dl class='gallery-item'>\n\t\t\t<dt class='gallery-icon landscape'>\n\t\t\t\t<a href='http:\/\/www.prwestglobal.com\/wp-content\/uploads\/2026\/04\/3-3.jpeg'><img loading=\"lazy\" decoding=\"async\" width=\"150\" height=\"150\" src=\"http:\/\/www.prwestglobal.com\/wp-content\/uploads\/2026\/04\/3-3-150x150.jpeg\" class=\"attachment-thumbnail size-thumbnail\"  alt=\"KIRCAAL\u0130S\u0130AD\u2019da Y\u00f6netim Koltu\u011fu \u00c7ocuklara Emanet Edildi\"  srcset=\"http:\/\/www.prwestglobal.com\/wp-content\/uploads\/2026\/04\/3-3-150x150.jpeg 150w, http:\/\/www.prwestglobal.com\/wp-content\/uploads\/2026\/04\/3-3-140x140.jpeg 140w, http:\/\/www.prwestglobal.com\/wp-content\/uploads\/2026\/04\/3-3-100x100.jpeg 100w, http:\/\/www.prwestglobal.com\/wp-content\/uploads\/2026\/04\/3-3-500x500.jpeg 500w, http:\/\/www.prwestglobal.com\/wp-content\/uploads\/2026\/04\/3-3-350x350.jpeg 350w, http:\/\/www.prwestglobal.com\/wp-content\/uploads\/2026\/04\/3-3-1000x1000.jpeg 1000w, http:\/\/www.prwestglobal.com\/wp-content\/uploads\/2026\/04\/3-3-800x800.jpeg 800w\" sizes=\"auto, (max-width: 150px) 100vw, 150px\" \/><\/a>\n\t\t\t<\/dt><\/dl><br style=\"clear: both\" \/>\n\t\t<\/div>\n\n","protected":false},"excerpt":{"rendered":"<p>Bulgaristan K\u00f6kenli Y\u00f6netici, Sanayici ve \u0130\u015f \u0130nsanlar\u0131 Derne\u011fi (KIRCAAL\u0130S\u0130AD), 23 Nisan Ulusal Egemenlik ve \u00c7ocuk Bayram\u0131 kapsam\u0131nda anlaml\u0131 ve renkli bir etkinli\u011fe imza att\u0131. &nbsp; KIRCAAL\u0130S\u0130AD Y\u00f6netim Kurulu Ba\u015fkan\u0131 Osman&#8230;<\/p>\n","protected":false},"author":1,"featured_media":5757,"comment_status":"closed","ping_status":"closed","sticky":false,"template":"","format":"standard","meta":{"footnotes":""},"categories":[8],"tags":[398,368],"class_list":{"0":"post-5756","1":"post","2":"type-post","3":"status-publish","4":"format-standard","5":"has-post-thumbnail","7":"category-basin","8":"tag-23-nisan","9":"tag-kircaalisiad"},"jetpack_featured_media_url":"http:\/\/www.prwestglobal.com\/wp-content\/uploads\/2026\/04\/3-2.jpeg","_links":{"self":[{"href":"http:\/\/www.prwestglobal.com\/index.php\/wp-json\/wp\/v2\/posts\/5756","targetHints":{"allow":["GET"]}}],"collection":[{"href":"http:\/\/www.prwestglobal.com\/index.php\/wp-json\/wp\/v2\/posts"}],"about":[{"href":"http:\/\/www.prwestglobal.com\/index.php\/wp-json\/wp\/v2\/types\/post"}],"author":[{"embeddable":true,"href":"http:\/\/www.prwestglobal.com\/index.php\/wp-json\/wp\/v2\/users\/1"}],"replies":[{"embeddable":true,"href":"http:\/\/www.prwestglobal.com\/index.php\/wp-json\/wp\/v2\/comments?post=5756"}],"version-history":[{"count":1,"href":"http:\/\/www.prwestglobal.com\/index.php\/wp-json\/wp\/v2\/posts\/5756\/revisions"}],"predecessor-version":[{"id":5761,"href":"http:\/\/www.prwestglobal.com\/index.php\/wp-json\/wp\/v2\/posts\/5756\/revisions\/5761"}],"wp:featuredmedia":[{"embeddable":true,"href":"http:\/\/www.prwestglobal.com\/index.php\/wp-json\/wp\/v2\/media\/5757"}],"wp:attachment":[{"href":"http:\/\/www.prwestglobal.com\/index.php\/wp-json\/wp\/v2\/media?parent=5756"}],"wp:term":[{"taxonomy":"category","embeddable":true,"href":"http:\/\/www.prwestglobal.com\/index.php\/wp-json\/wp\/v2\/categories?post=5756"},{"taxonomy":"post_tag","embeddable":true,"href":"http:\/\/www.prwestglobal.com\/index.php\/wp-json\/wp\/v2\/tags?post=5756"}],"curies":[{"name":"wp","href":"https:\/\/api.w.org\/{rel}","templated":true}]}}